{"id":2521,"date":"2025-12-02T13:03:27","date_gmt":"2025-12-02T13:03:27","guid":{"rendered":"https:\/\/www.forummobil.ch\/?p=2521"},"modified":"2025-12-02T13:02:28","modified_gmt":"2025-12-02T13:02:28","slug":"frequenze-di-telefonia-mobile-il-fondamento-del-futuro-digitale","status":"publish","type":"post","link":"https:\/\/www.forummobil.ch\/it\/frequenze-di-telefonia-mobile-il-fondamento-del-futuro-digitale\/","title":{"rendered":"Frequenze di telefonia mobile: il fondamento del futuro digitale"},"content":{"rendered":"<div class=\"wpb-content-wrapper\"><p>[vc_row][vc_column][vc_column_text css=&#8221;&#8221;]<strong><span class=\"EOP SCXW120031998 BCX8\" data-ccp-props=\"{&quot;201341983&quot;:0,&quot;335559740&quot;:259}\">L&#8217;assegnazione e l&#8217;uso delle frequenze di telefonia mobile sono fondamentali per lo sviluppo digitale della Svizzera. Ma come vengono regolate, che importanza hanno per l&#8217;economia e come sar\u00e0 il futuro? <\/span><\/strong>[\/vc_column_text][vc_column_text css=&#8221;&#8221;]Dalle chiamate allo streaming video, fino alla semplice navigazione in rete: nulla di tutto questo sarebbe possibile senza la telefonia mobile. Ma dietro la connessione dati veloce c&#8217;\u00e8 una risorsa invisibile ma limitata: le frequenze di telefonia mobile.<br \/>\nQueste onde elettromagnetiche permettono lo scambio wireless di informazioni e sono divise in diverse bande di frequenza. In Svizzera si usano soprattutto queste frequenze:<\/p>\n<ul>\n<li><strong>700 \u2013 1000 MHz:<\/strong> attraversano bene gli edifici e permettono un&#8217;ampia copertura, soprattutto nelle zone rurali o nelle regioni densamente popolate.<\/li>\n<li><strong>1400 \u2013 2700 MHz:<\/strong> queste frequenze servono ad aumentare la capacit\u00e0 di trasmissione dati della rete mobile e sono spesso usate per il 4G.<\/li>\n<li><strong>3,5 GHz:<\/strong> questa frequenza \u00e8 fondamentale per lo sviluppo del 5G e garantisce velocit\u00e0 di trasmissione dati particolarmente elevate, soprattutto nelle aree urbane.<\/li>\n<\/ul>\n<p>Ciascuna di queste bande di frequenza ha i suoi punti di forza: mentre le frequenze basse coprono distanze maggiori, quelle pi\u00f9 alte offrono maggiore capacit\u00e0 e velocit\u00e0.<\/p>\n<p>In Svizzera, le frequenze di telefonia mobile vengono di solito assegnate tramite asta dall&#8217;Ufficio federale delle comunicazioni (UFCOM). Le frequenze 5G sono state assegnate l&#8217;ultima volta nel 2019 alle aziende Swisscom, Sunrise e Salt. L&#8217;assegnazione \u00e8 sempre soggetta a condizioni: i fornitori devono garantire una certa copertura di rete e non possono lasciare inutilizzate le loro frequenze.<\/p>\n<p>La regolamentazione della telefonia mobile ha lo scopo di impedire che singole aziende dominino il mercato o blocchino frequenze inutilizzate. La telefonia mobile non \u00e8 solo una questione di concorrenza, ma anche di sicurezza dell&#8217;approvvigionamento.[\/vc_column_text][vc_column_text css=&#8221;&#8221;]<\/p>\n<h2>Dalle smart city all&#8217;Industria 4.0: perch\u00e9 la telefonia mobile \u00e8 cos\u00ec importante<\/h2>\n<p>L&#8217;importanza delle reti mobili cresce con la digitalizzazione. In cifre: nei prossimi cinque anni, la quantit\u00e0 di dati trasmessi raddoppier\u00e0 nuovamente. Gli operatori di telefonia mobile sono quindi chiamati a fornire l&#8217;infrastruttura richiesta. Molte innovazioni si basano infatti su una comunicazione wireless affidabile:<\/p>\n<ul>\n<li><strong>Le aziende<\/strong> puntano sempre pi\u00f9 su impianti interconnessi e soluzioni cloud che richiedono una trasmissione dati veloce.<\/li>\n<li><strong>Le smart cities<\/strong> potrebbero in futuro utilizzare la telefonia mobile per il controllo intelligente del traffico, l&#8217;illuminazione automatizzata e l&#8217;interconnessione dei servizi pubblici<\/li>\n<li><strong>L&#8217;Internet delle cose (IoT)<\/strong> potrebbe connettere miliardi di dispositivi, dagli smartwatch ai droni per le consegne alle auto a guida autonoma.<\/li>\n<\/ul>\n<p>Una rete mobile potente non \u00e8 quindi solo una questione di comodit\u00e0, ma un&#8217;infrastruttura fondamentale per l&#8217;economia e la societ\u00e0.[\/vc_column_text][vc_column_text css=&#8221;&#8221;]<\/p>\n<h2>Cosa ci aspetta dopo il 5G?<\/h2>\n<p>Mentre l&#8217;espansione del 5G va avanti, si sta gi\u00e0 studiando la prossima generazione di connessioni mobili: il 6G. Connessioni ancora pi\u00f9 veloci e una latenza minima potrebbero rendere possibili applicazioni completamente nuove gi\u00e0 a partire dagli anni 2030.<\/p>\n<p>Con l&#8217;assegnazione di nuove bande di frequenza si potrebbero raggiungere velocit\u00e0 estreme, che per\u00f2 sarebbero trasmesse principalmente su brevi distanze. L&#8217;Unione Europea sta attualmente lavorando al progetto \u00abPlasmare il futuro digitale dell&#8217;Europa\u00bb. La Svizzera deve prepararsi per rimanere all&#8217;avanguardia dal punto di vista tecnologico anche in futuro.[\/vc_column_text][\/vc_column][\/vc_row][vc_row][vc_column][\/vc_column][\/vc_row]<\/p>\n<\/div>","protected":false},"excerpt":{"rendered":"<p>[vc_row][vc_column][vc_column_text css=&#8221;&#8221;]L&#8217;assegnazione e l&#8217;uso delle frequenze di telefonia mobile sono fondamentali per lo sviluppo digitale della Svizzera. Ma come vengono regolate, che importanza hanno per l&#8217;economia e come sar\u00e0 il futuro? [\/vc_column_text][vc_column_text css=&#8221;&#8221;]Dalle chiamate allo streaming video, fino alla semplice navigazione in rete: nulla di tutto questo sarebbe possibile senza la telefonia mobile. Ma dietro&hellip;<\/p>\n","protected":false},"author":8,"featured_media":2530,"comment_status":"open","ping_status":"open","sticky":false,"template":"","format":"standard","meta":{"_acf_changed":false,"inline_featured_image":false,"footnotes":""},"categories":[86],"tags":[],"class_list":["post-2521","post","type-post","status-publish","format-standard","has-post-thumbnail","hentry","category-tecnologia"],"acf":[],"yoast_head":"<!-- This site is optimized with the Yoast SEO plugin v27.5 - https:\/\/yoast.com\/product\/yoast-seo-wordpress\/ -->\n<title>Frequenze di telefonia mobile: il fondamento del futuro digitale<\/title>\n<meta name=\"description\" content=\"L&#039;assegnazione e l&#039;uso delle frequenze di telefonia mobile sono fondamentali per lo sviluppo digitale della Svizzera. Ma come vengono regolate, che importanza hanno per l&#039;economia e come sar\u00e0 il futuro?\" \/>\n<meta name=\"robots\" content=\"index, follow, max-snippet:-1, max-image-preview:large, max-video-preview:-1\" \/>\n<link rel=\"canonical\" href=\"https:\/\/www.forummobil.ch\/it\/frequenze-di-telefonia-mobile-il-fondamento-del-futuro-digitale\/\" \/>\n<meta property=\"og:locale\" content=\"it_IT\" \/>\n<meta property=\"og:type\" content=\"article\" \/>\n<meta property=\"og:title\" content=\"Frequenze di telefonia mobile: il fondamento del futuro digitale\" \/>\n<meta property=\"og:description\" content=\"L&#039;assegnazione e l&#039;uso delle frequenze di telefonia mobile sono fondamentali per lo sviluppo digitale della Svizzera. Ma come vengono regolate, che importanza hanno per l&#039;economia e come sar\u00e0 il futuro?\" \/>\n<meta property=\"og:url\" content=\"https:\/\/www.forummobil.ch\/it\/frequenze-di-telefonia-mobile-il-fondamento-del-futuro-digitale\/\" \/>\n<meta property=\"og:site_name\" content=\"Forum Mobil\" \/>\n<meta property=\"article:published_time\" content=\"2025-12-02T13:03:27+00:00\" \/>\n<meta property=\"og:image\" content=\"https:\/\/www.forummobil.ch\/wp-content\/uploads\/2025\/12\/michael-dziedzic-nbW-kaz2BlE-unsplash-scaled.jpg\" \/>\n\t<meta property=\"og:image:width\" content=\"2560\" \/>\n\t<meta property=\"og:image:height\" content=\"1600\" \/>\n\t<meta property=\"og:image:type\" content=\"image\/jpeg\" \/>\n<meta name=\"author\" content=\"Luca CRK\" \/>\n<meta name=\"twitter:card\" content=\"summary_large_image\" \/>\n<meta name=\"twitter:label1\" content=\"Scritto da\" \/>\n\t<meta name=\"twitter:data1\" content=\"Luca CRK\" \/>\n\t<meta name=\"twitter:label2\" content=\"Tempo di lettura stimato\" \/>\n\t<meta name=\"twitter:data2\" content=\"4 minuti\" \/>\n<script type=\"application\/ld+json\" class=\"yoast-schema-graph\">{\"@context\":\"https:\\\/\\\/schema.org\",\"@graph\":[{\"@type\":\"Article\",\"@id\":\"https:\\\/\\\/www.forummobil.ch\\\/it\\\/frequenze-di-telefonia-mobile-il-fondamento-del-futuro-digitale\\\/#article\",\"isPartOf\":{\"@id\":\"https:\\\/\\\/www.forummobil.ch\\\/it\\\/frequenze-di-telefonia-mobile-il-fondamento-del-futuro-digitale\\\/\"},\"author\":{\"name\":\"Luca CRK\",\"@id\":\"https:\\\/\\\/www.forummobil.ch\\\/it\\\/#\\\/schema\\\/person\\\/66a01d4de01949737508638c49e84ecf\"},\"headline\":\"Frequenze di telefonia mobile: il fondamento del futuro digitale\",\"datePublished\":\"2025-12-02T13:03:27+00:00\",\"mainEntityOfPage\":{\"@id\":\"https:\\\/\\\/www.forummobil.ch\\\/it\\\/frequenze-di-telefonia-mobile-il-fondamento-del-futuro-digitale\\\/\"},\"wordCount\":565,\"commentCount\":0,\"image\":{\"@id\":\"https:\\\/\\\/www.forummobil.ch\\\/it\\\/frequenze-di-telefonia-mobile-il-fondamento-del-futuro-digitale\\\/#primaryimage\"},\"thumbnailUrl\":\"https:\\\/\\\/www.forummobil.ch\\\/wp-content\\\/uploads\\\/2025\\\/12\\\/michael-dziedzic-nbW-kaz2BlE-unsplash-scaled-e1764680732980.jpg\",\"articleSection\":[\"Tecnologia\"],\"inLanguage\":\"it-IT\",\"potentialAction\":[{\"@type\":\"CommentAction\",\"name\":\"Comment\",\"target\":[\"https:\\\/\\\/www.forummobil.ch\\\/it\\\/frequenze-di-telefonia-mobile-il-fondamento-del-futuro-digitale\\\/#respond\"]}]},{\"@type\":\"WebPage\",\"@id\":\"https:\\\/\\\/www.forummobil.ch\\\/it\\\/frequenze-di-telefonia-mobile-il-fondamento-del-futuro-digitale\\\/\",\"url\":\"https:\\\/\\\/www.forummobil.ch\\\/it\\\/frequenze-di-telefonia-mobile-il-fondamento-del-futuro-digitale\\\/\",\"name\":\"Frequenze di telefonia mobile: il fondamento del futuro digitale\",\"isPartOf\":{\"@id\":\"https:\\\/\\\/www.forummobil.ch\\\/it\\\/#website\"},\"primaryImageOfPage\":{\"@id\":\"https:\\\/\\\/www.forummobil.ch\\\/it\\\/frequenze-di-telefonia-mobile-il-fondamento-del-futuro-digitale\\\/#primaryimage\"},\"image\":{\"@id\":\"https:\\\/\\\/www.forummobil.ch\\\/it\\\/frequenze-di-telefonia-mobile-il-fondamento-del-futuro-digitale\\\/#primaryimage\"},\"thumbnailUrl\":\"https:\\\/\\\/www.forummobil.ch\\\/wp-content\\\/uploads\\\/2025\\\/12\\\/michael-dziedzic-nbW-kaz2BlE-unsplash-scaled-e1764680732980.jpg\",\"datePublished\":\"2025-12-02T13:03:27+00:00\",\"author\":{\"@id\":\"https:\\\/\\\/www.forummobil.ch\\\/it\\\/#\\\/schema\\\/person\\\/66a01d4de01949737508638c49e84ecf\"},\"description\":\"L'assegnazione e l'uso delle frequenze di telefonia mobile sono fondamentali per lo sviluppo digitale della Svizzera. Ma come vengono regolate, che importanza hanno per l'economia e come sar\u00e0 il futuro?\",\"breadcrumb\":{\"@id\":\"https:\\\/\\\/www.forummobil.ch\\\/it\\\/frequenze-di-telefonia-mobile-il-fondamento-del-futuro-digitale\\\/#breadcrumb\"},\"inLanguage\":\"it-IT\",\"potentialAction\":[{\"@type\":\"ReadAction\",\"target\":[\"https:\\\/\\\/www.forummobil.ch\\\/it\\\/frequenze-di-telefonia-mobile-il-fondamento-del-futuro-digitale\\\/\"]}]},{\"@type\":\"ImageObject\",\"inLanguage\":\"it-IT\",\"@id\":\"https:\\\/\\\/www.forummobil.ch\\\/it\\\/frequenze-di-telefonia-mobile-il-fondamento-del-futuro-digitale\\\/#primaryimage\",\"url\":\"https:\\\/\\\/www.forummobil.ch\\\/wp-content\\\/uploads\\\/2025\\\/12\\\/michael-dziedzic-nbW-kaz2BlE-unsplash-scaled-e1764680732980.jpg\",\"contentUrl\":\"https:\\\/\\\/www.forummobil.ch\\\/wp-content\\\/uploads\\\/2025\\\/12\\\/michael-dziedzic-nbW-kaz2BlE-unsplash-scaled-e1764680732980.jpg\",\"width\":2560,\"height\":1600},{\"@type\":\"BreadcrumbList\",\"@id\":\"https:\\\/\\\/www.forummobil.ch\\\/it\\\/frequenze-di-telefonia-mobile-il-fondamento-del-futuro-digitale\\\/#breadcrumb\",\"itemListElement\":[{\"@type\":\"ListItem\",\"position\":1,\"name\":\"Home\",\"item\":\"https:\\\/\\\/www.forummobil.ch\\\/it\\\/\"},{\"@type\":\"ListItem\",\"position\":2,\"name\":\"Frequenze di telefonia mobile: il fondamento del futuro digitale\"}]},{\"@type\":\"WebSite\",\"@id\":\"https:\\\/\\\/www.forummobil.ch\\\/it\\\/#website\",\"url\":\"https:\\\/\\\/www.forummobil.ch\\\/it\\\/\",\"name\":\"Forum Mobil\",\"description\":\"Willkommen\",\"potentialAction\":[{\"@type\":\"SearchAction\",\"target\":{\"@type\":\"EntryPoint\",\"urlTemplate\":\"https:\\\/\\\/www.forummobil.ch\\\/it\\\/?s={search_term_string}\"},\"query-input\":{\"@type\":\"PropertyValueSpecification\",\"valueRequired\":true,\"valueName\":\"search_term_string\"}}],\"inLanguage\":\"it-IT\"},{\"@type\":\"Person\",\"@id\":\"https:\\\/\\\/www.forummobil.ch\\\/it\\\/#\\\/schema\\\/person\\\/66a01d4de01949737508638c49e84ecf\",\"name\":\"Luca CRK\",\"image\":{\"@type\":\"ImageObject\",\"inLanguage\":\"it-IT\",\"@id\":\"https:\\\/\\\/secure.gravatar.com\\\/avatar\\\/da9e6d82c4231dc1c94f25ec8e0c15957999dab851199661c188fc366a78246c?s=96&d=mm&r=g\",\"url\":\"https:\\\/\\\/secure.gravatar.com\\\/avatar\\\/da9e6d82c4231dc1c94f25ec8e0c15957999dab851199661c188fc366a78246c?s=96&d=mm&r=g\",\"contentUrl\":\"https:\\\/\\\/secure.gravatar.com\\\/avatar\\\/da9e6d82c4231dc1c94f25ec8e0c15957999dab851199661c188fc366a78246c?s=96&d=mm&r=g\",\"caption\":\"Luca CRK\"},\"url\":\"https:\\\/\\\/www.forummobil.ch\\\/it\\\/author\\\/luca-crk\\\/\"}]}<\/script>\n<!-- \/ Yoast SEO plugin. -->","yoast_head_json":{"title":"Frequenze di telefonia mobile: il fondamento del futuro digitale","description":"L'assegnazione e l'uso delle frequenze di telefonia mobile sono fondamentali per lo sviluppo digitale della Svizzera. Ma come vengono regolate, che importanza hanno per l'economia e come sar\u00e0 il futuro?","robots":{"index":"index","follow":"follow","max-snippet":"max-snippet:-1","max-image-preview":"max-image-preview:large","max-video-preview":"max-video-preview:-1"},"canonical":"https:\/\/www.forummobil.ch\/it\/frequenze-di-telefonia-mobile-il-fondamento-del-futuro-digitale\/","og_locale":"it_IT","og_type":"article","og_title":"Frequenze di telefonia mobile: il fondamento del futuro digitale","og_description":"L'assegnazione e l'uso delle frequenze di telefonia mobile sono fondamentali per lo sviluppo digitale della Svizzera. Ma come vengono regolate, che importanza hanno per l'economia e come sar\u00e0 il futuro?","og_url":"https:\/\/www.forummobil.ch\/it\/frequenze-di-telefonia-mobile-il-fondamento-del-futuro-digitale\/","og_site_name":"Forum Mobil","article_published_time":"2025-12-02T13:03:27+00:00","og_image":[{"width":2560,"height":1600,"url":"https:\/\/www.forummobil.ch\/wp-content\/uploads\/2025\/12\/michael-dziedzic-nbW-kaz2BlE-unsplash-scaled.jpg","type":"image\/jpeg"}],"author":"Luca CRK","twitter_card":"summary_large_image","twitter_misc":{"Scritto da":"Luca CRK","Tempo di lettura stimato":"4 minuti"},"schema":{"@context":"https:\/\/schema.org","@graph":[{"@type":"Article","@id":"https:\/\/www.forummobil.ch\/it\/frequenze-di-telefonia-mobile-il-fondamento-del-futuro-digitale\/#article","isPartOf":{"@id":"https:\/\/www.forummobil.ch\/it\/frequenze-di-telefonia-mobile-il-fondamento-del-futuro-digitale\/"},"author":{"name":"Luca CRK","@id":"https:\/\/www.forummobil.ch\/it\/#\/schema\/person\/66a01d4de01949737508638c49e84ecf"},"headline":"Frequenze di telefonia mobile: il fondamento del futuro digitale","datePublished":"2025-12-02T13:03:27+00:00","mainEntityOfPage":{"@id":"https:\/\/www.forummobil.ch\/it\/frequenze-di-telefonia-mobile-il-fondamento-del-futuro-digitale\/"},"wordCount":565,"commentCount":0,"image":{"@id":"https:\/\/www.forummobil.ch\/it\/frequenze-di-telefonia-mobile-il-fondamento-del-futuro-digitale\/#primaryimage"},"thumbnailUrl":"https:\/\/www.forummobil.ch\/wp-content\/uploads\/2025\/12\/michael-dziedzic-nbW-kaz2BlE-unsplash-scaled-e1764680732980.jpg","articleSection":["Tecnologia"],"inLanguage":"it-IT","potentialAction":[{"@type":"CommentAction","name":"Comment","target":["https:\/\/www.forummobil.ch\/it\/frequenze-di-telefonia-mobile-il-fondamento-del-futuro-digitale\/#respond"]}]},{"@type":"WebPage","@id":"https:\/\/www.forummobil.ch\/it\/frequenze-di-telefonia-mobile-il-fondamento-del-futuro-digitale\/","url":"https:\/\/www.forummobil.ch\/it\/frequenze-di-telefonia-mobile-il-fondamento-del-futuro-digitale\/","name":"Frequenze di telefonia mobile: il fondamento del futuro digitale","isPartOf":{"@id":"https:\/\/www.forummobil.ch\/it\/#website"},"primaryImageOfPage":{"@id":"https:\/\/www.forummobil.ch\/it\/frequenze-di-telefonia-mobile-il-fondamento-del-futuro-digitale\/#primaryimage"},"image":{"@id":"https:\/\/www.forummobil.ch\/it\/frequenze-di-telefonia-mobile-il-fondamento-del-futuro-digitale\/#primaryimage"},"thumbnailUrl":"https:\/\/www.forummobil.ch\/wp-content\/uploads\/2025\/12\/michael-dziedzic-nbW-kaz2BlE-unsplash-scaled-e1764680732980.jpg","datePublished":"2025-12-02T13:03:27+00:00","author":{"@id":"https:\/\/www.forummobil.ch\/it\/#\/schema\/person\/66a01d4de01949737508638c49e84ecf"},"description":"L'assegnazione e l'uso delle frequenze di telefonia mobile sono fondamentali per lo sviluppo digitale della Svizzera. Ma come vengono regolate, che importanza hanno per l'economia e come sar\u00e0 il futuro?","breadcrumb":{"@id":"https:\/\/www.forummobil.ch\/it\/frequenze-di-telefonia-mobile-il-fondamento-del-futuro-digitale\/#breadcrumb"},"inLanguage":"it-IT","potentialAction":[{"@type":"ReadAction","target":["https:\/\/www.forummobil.ch\/it\/frequenze-di-telefonia-mobile-il-fondamento-del-futuro-digitale\/"]}]},{"@type":"ImageObject","inLanguage":"it-IT","@id":"https:\/\/www.forummobil.ch\/it\/frequenze-di-telefonia-mobile-il-fondamento-del-futuro-digitale\/#primaryimage","url":"https:\/\/www.forummobil.ch\/wp-content\/uploads\/2025\/12\/michael-dziedzic-nbW-kaz2BlE-unsplash-scaled-e1764680732980.jpg","contentUrl":"https:\/\/www.forummobil.ch\/wp-content\/uploads\/2025\/12\/michael-dziedzic-nbW-kaz2BlE-unsplash-scaled-e1764680732980.jpg","width":2560,"height":1600},{"@type":"BreadcrumbList","@id":"https:\/\/www.forummobil.ch\/it\/frequenze-di-telefonia-mobile-il-fondamento-del-futuro-digitale\/#breadcrumb","itemListElement":[{"@type":"ListItem","position":1,"name":"Home","item":"https:\/\/www.forummobil.ch\/it\/"},{"@type":"ListItem","position":2,"name":"Frequenze di telefonia mobile: il fondamento del futuro digitale"}]},{"@type":"WebSite","@id":"https:\/\/www.forummobil.ch\/it\/#website","url":"https:\/\/www.forummobil.ch\/it\/","name":"Forum Mobil","description":"Willkommen","potentialAction":[{"@type":"SearchAction","target":{"@type":"EntryPoint","urlTemplate":"https:\/\/www.forummobil.ch\/it\/?s={search_term_string}"},"query-input":{"@type":"PropertyValueSpecification","valueRequired":true,"valueName":"search_term_string"}}],"inLanguage":"it-IT"},{"@type":"Person","@id":"https:\/\/www.forummobil.ch\/it\/#\/schema\/person\/66a01d4de01949737508638c49e84ecf","name":"Luca CRK","image":{"@type":"ImageObject","inLanguage":"it-IT","@id":"https:\/\/secure.gravatar.com\/avatar\/da9e6d82c4231dc1c94f25ec8e0c15957999dab851199661c188fc366a78246c?s=96&d=mm&r=g","url":"https:\/\/secure.gravatar.com\/avatar\/da9e6d82c4231dc1c94f25ec8e0c15957999dab851199661c188fc366a78246c?s=96&d=mm&r=g","contentUrl":"https:\/\/secure.gravatar.com\/avatar\/da9e6d82c4231dc1c94f25ec8e0c15957999dab851199661c188fc366a78246c?s=96&d=mm&r=g","caption":"Luca CRK"},"url":"https:\/\/www.forummobil.ch\/it\/author\/luca-crk\/"}]}},"_links":{"self":[{"href":"https:\/\/www.forummobil.ch\/it\/wp-json\/wp\/v2\/posts\/2521","targetHints":{"allow":["GET"]}}],"collection":[{"href":"https:\/\/www.forummobil.ch\/it\/wp-json\/wp\/v2\/posts"}],"about":[{"href":"https:\/\/www.forummobil.ch\/it\/wp-json\/wp\/v2\/types\/post"}],"author":[{"embeddable":true,"href":"https:\/\/www.forummobil.ch\/it\/wp-json\/wp\/v2\/users\/8"}],"replies":[{"embeddable":true,"href":"https:\/\/www.forummobil.ch\/it\/wp-json\/wp\/v2\/comments?post=2521"}],"version-history":[{"count":1,"href":"https:\/\/www.forummobil.ch\/it\/wp-json\/wp\/v2\/posts\/2521\/revisions"}],"predecessor-version":[{"id":2527,"href":"https:\/\/www.forummobil.ch\/it\/wp-json\/wp\/v2\/posts\/2521\/revisions\/2527"}],"wp:featuredmedia":[{"embeddable":true,"href":"https:\/\/www.forummobil.ch\/it\/wp-json\/wp\/v2\/media\/2530"}],"wp:attachment":[{"href":"https:\/\/www.forummobil.ch\/it\/wp-json\/wp\/v2\/media?parent=2521"}],"wp:term":[{"taxonomy":"category","embeddable":true,"href":"https:\/\/www.forummobil.ch\/it\/wp-json\/wp\/v2\/categories?post=2521"},{"taxonomy":"post_tag","embeddable":true,"href":"https:\/\/www.forummobil.ch\/it\/wp-json\/wp\/v2\/tags?post=2521"}],"curies":[{"name":"wp","href":"https:\/\/api.w.org\/{rel}","templated":true}]}}