{"id":2270,"date":"2022-08-09T14:13:47","date_gmt":"2022-08-09T14:13:47","guid":{"rendered":"https:\/\/www.forummobil.ch\/?p=2270"},"modified":"2022-08-22T14:27:17","modified_gmt":"2022-08-22T14:27:17","slug":"qual-e-limpatto-ambientale-dello-streaming-video","status":"publish","type":"post","link":"https:\/\/www.forummobil.ch\/it\/qual-e-limpatto-ambientale-dello-streaming-video\/","title":{"rendered":"Qual \u00e8 l\u2019impatto ambientale dello streaming video?"},"content":{"rendered":"<div class=\"wpb-content-wrapper\"><p>[vc_row][vc_column][vc_column_text css=&#8221;.vc_custom_1655811130400{margin-bottom: 1px !important;border-bottom-width: 1px !important;padding-bottom: 1px !important;}&#8221;]<strong>Si sente dire e si legge sempre che lo streaming video \u00e8 un problema ambientale. Qual \u00e8 la verit\u00e0?<\/strong>[\/vc_column_text][vc_column_text]<span style=\"color: #2e955f; font-size: 14px;\"><em>Autore: <span style=\"color: #000000;\">Beat Glogger, Higgs<\/span><\/em><\/span>[\/vc_column_text][vc_column_text]Di recente, in un gruppo ho menzionato un film che avevo visto su Netflix. Un\u2019amica ecologista ha reagito prontamente. Non ha commentato il film, ma ha sostenuto che lo streaming \u00e8 sbagliato in linea di principio. \u00c8 molto dannoso per l\u2019ambiente, ha dichiarato. Inoltre, ha affermato che la televisione tradizionale \u00e8 molto pi\u00f9 ecologica rispetto allo streaming.<\/p>\n<p>Non ho voluto discutere sul livello di attrattivit\u00e0 o sulla qualit\u00e0 della televisione tradizionale rispetto allo streaming. Tuttavia ho deciso di approfondire la questione energetica.<\/p>\n<p>Durante questa ricerca, mi sono imbattuto in innumerevoli storie che cercano di dimostrare l\u2019indicibile consumo energetico di grandi fornitori come Netflix, Google e Amazon. Ad esempio, in rete circola la notizia che Google ha consumato 5,7 terawattora di elettricit\u00e0 nel 2015. All\u2019epoca, ci\u00f2 corrispondeva al consumo energetico della citt\u00e0 di San Francisco.<\/p>\n<p>Tuttavia, nessuno sa quanto sia elevato il consumo di elettricit\u00e0 dovuto alle tecnologie dell\u2019informazione a livello mondiale. Perch\u00e9 \u00e8 molto difficile da determinare. A differenza del consumo nei trasporti, ad esempio. In questo caso si sa quanto carburante viene venduto, quante auto sono in circolazione e quanti chilometri percorre mediamente un veicolo ogni anno. Da ci\u00f2 si pu\u00f2 calcolare con una certa precisione il consumo energetico dei trasporti. Per il settore delle tecnologie dell\u2019informazione e della comunicazione (TIC) mancano invece dati precisi.<\/p>\n<p>Secondo una stima del <a href=\"https:\/\/theshiftproject.org\/en\/article\/unsustainable-use-online-video\/\" target=\"_blank\" rel=\"noopener\">think tank francese \u00abThe Shift Project\u00bb<\/a>, le tecnologie dell\u2019informazione sono responsabili di circa il quattro per cento delle emissioni globali di gas serra. Con una forte tendenza al rialzo.[\/vc_column_text][\/vc_column][\/vc_row][vc_row][vc_column][vc_column_text]E lo streaming? Sempre secondo le stime, dei dati trasmessi in tutto il mondo, circa l\u2019ottanta per cento \u00e8 costituito da contenuti video. Una piccola curiosit\u00e0 riguardo alla suddivisione dei dati video: un quarto proviene dai video on demand, come quelli offerti, ad esempio, da Netflix e Amazon Prime, un altro quarto proviene da YouTube, un quarto dai social media e un quarto da piattaforme con contenuti pornografici. I contenuti pornografici da soli sono stati responsabili di ottanta milioni di tonnellate di CO\u2082 nel 2018, che corrispondono alle emissioni della Francia o allo 0,2 per cento delle emissioni globali di CO\u2082.<\/p>\n<p>Ci\u00f2 che si guarda \u00e8 comunque irrilevante per una valutazione ecologica. Quel che conta \u00e8 il consumo energetico o le emissioni di gas serra dei centri di calcolo, delle reti di trasmissione e dei terminali.<\/p>\n<h2>Il centro di calcolo e la rete di trasmissione non sono rilevanti rispetto al terminale<\/h2>\n<p>Le reti di trasmissione hanno l\u2019effetto ambientale di gran lunga minore. Anche il centro di calcolo svolge un ruolo piuttosto secondario nel bilancio generale. Il fattore di gran lunga pi\u00f9 importante \u00e8 il terminale.[\/vc_column_text][vc_single_image image=&#8221;2423&#8243; img_size=&#8221;large&#8221; add_caption=&#8221;yes&#8221; alignment=&#8221;center&#8221;][vc_column_text]Prima, per\u00f2, diamo un\u2019occhiata pi\u00f9 da vicino alle reti. Dopo tutto, era questo il senso dell\u2019accusa della mia amica.<\/p>\n<p>Secondo uno <a href=\"https:\/\/www.umweltbundesamt.de\/presse\/pressemitteilungen\/video-streaming-art-der-datenuebertragung\" target=\"_blank\" rel=\"noopener\">studio dell\u2019Agenzia federale tedesca per l\u2019ambiente<\/a>, la rete in fibra ottica \u00e8 la pi\u00f9 ecologica. Inquina l\u2019ambiente 45 volte di meno della trasmissione su rete 3G (UMTS), che per\u00f2 quasi nessuno utilizza pi\u00f9. La rete 4G attuale \u00e8 nettamente migliore, ma produce comunque una quantit\u00e0 di gas serra sette volte pi\u00f9 alta rispetto al cavo. Il 5G \u00e8 ancora meglio: inquina l\u2019ambiente solo due volte e mezzo in pi\u00f9 rispetto alla rete via cavo.[\/vc_column_text][vc_single_image image=&#8221;2420&#8243; img_size=&#8221;large&#8221; add_caption=&#8221;yes&#8221; alignment=&#8221;center&#8221;][vc_column_text]Ma come ho gi\u00e0 detto, le reti, cos\u00ec come i centri di calcolo, svolgono un ruolo subordinato nella valutazione ecologica. I terminali sono molto pi\u00f9 importanti.<\/p>\n<p>Vale a dire, dove guardo un film: televisore, laptop, tablet o smartphone. Questo \u00e8 decisivo. Importa anche se il mio televisore misura 65 pollici o 50. Quello pi\u00f9 piccolo consuma solo met\u00e0 dell\u2019energia. Notebook e tablet sono molto pi\u00f9 economici. E ci si pu\u00f2 praticamente dimenticare dello smartphone in termini di consumo energetico. Naturalmente, con i dispositivi mobili \u00e8 consigliabile collegarsi alla rete via cavo tramite WLAN, se possibile. E non guardare contenuti in streaming attraverso la rete wireless.[\/vc_column_text][vc_single_image image=&#8221;2417&#8243; img_size=&#8221;large&#8221; add_caption=&#8221;yes&#8221; alignment=&#8221;center&#8221;][vc_column_text]Tuttavia, la mia amica aveva preso di mira lo streaming in generale. Almeno, guardare la SRF \u00e8 pi\u00f9 ecologico che guardare Netflix?<\/p>\n<p>Niente da fare. Anche in questo caso, il consumo energetico del terminale svolge il ruolo principale.<\/p>\n<h2>Come si pu\u00f2 utilizzare lo streaming in modo pi\u00f9 ecologico?<\/h2>\n<p>Dunque non serve preoccuparsi troppo della differenza tra streaming e televisione in termini di impatto ambientale. \u00c8 molto pi\u00f9 importante utilizzare il dispositivo giusto.<\/p>\n<p>C\u2019\u00e8 anche un\u2019altra ricetta per rendere il consumo di video pi\u00f9 ecologico: acquistare un nuovo dispositivo meno spesso. Perch\u00e9 l\u2019impatto climatico di gran lunga maggiore \u00e8 causato dal dispositivo durante la produzione e il trasporto alla clientela. Nel caso di uno smartphone, ad esempio, questo incide per il novanta per cento. Solo il dieci per cento \u00e8 causato dall\u2019utilizzo, come spiega accuratamente un <a href=\"https:\/\/www.youtube.com\/watch?v=JJn6pja_l8s\" target=\"_blank\" rel=\"noopener\">video<\/a> di Shift Project. In altre parole, se non si sostituisce il proprio telefono con uno nuovo dopo due anni, come fa la maggior parte delle persone, ma solo dopo tre, si migliora il suo bilancio climatico del cinquanta per cento.<\/p>\n<p>Ancora pi\u00f9 importante \u00e8 la provenienza dell\u2019energia utilizzata per produrre e, naturalmente, per far funzionare il dispositivo. Ovviamente, niente combustibili fossili. Se possibile, \u00e8 meglio acquistare elettricit\u00e0 verde dal proprio fornitore di energia elettrica. Poi si possono guardare in streaming tutti i video che si desidera.<\/p>\n<p>Ma il modo migliore per consumare meno energia rimane comunque fare una passeggiata nel bosco.[\/vc_column_text][\/vc_column][\/vc_row][vc_row][vc_column][vc_column_text]<\/p>\n<h3>Ulteriori letture: emissioni di CO\u2082 attraverso le TIC<\/h3>\n<p>Secondo uno <a href=\"https:\/\/www.wwf.ch\/sites\/default\/files\/doc-2017-10\/2017-07-study-digitalization-climate-protection-switzerland.pdf\" target=\"_blank\" rel=\"noopener\">studio dell\u2019Universit\u00e0 di Zurigo in collaborazione con WWF e Swisscom<\/a>, la scelta del terminale \u00e8 il fattore decisivo per valutare l\u2019impatto climatico delle tecnologie dell\u2019informazione e della telecomunicazione.<\/p>\n<p>[\/vc_column_text][\/vc_column][\/vc_row][vc_row][vc_column][vc_column_text]<em>Questo articolo \u00e8 apparso per la prima volta su higgs.ch.<\/em>[\/vc_column_text][\/vc_column][\/vc_row]<\/p>\n<\/div>","protected":false},"excerpt":{"rendered":"<p>[vc_row][vc_column][vc_column_text css=&#8221;.vc_custom_1655811130400{margin-bottom: 1px !important;border-bottom-width: 1px !important;padding-bottom: 1px !important;}&#8221;]Si sente dire e si legge sempre che lo streaming video \u00e8 un problema ambientale. Qual \u00e8 la verit\u00e0?[\/vc_column_text][vc_column_text]Autore: Beat Glogger, Higgs[\/vc_column_text][vc_column_text]Di recente, in un gruppo ho menzionato un film che avevo visto su Netflix. Un\u2019amica ecologista ha reagito prontamente. Non ha commentato il film, ma ha sostenuto&hellip;<\/p>\n","protected":false},"author":5,"featured_media":2274,"comment_status":"open","ping_status":"open","sticky":false,"template":"","format":"standard","meta":{"_acf_changed":false,"inline_featured_image":false,"footnotes":""},"categories":[90,86],"tags":[],"class_list":["post-2270","post","type-post","status-publish","format-standard","has-post-thumbnail","hentry","category-ambiente","category-tecnologia"],"acf":[],"yoast_head":"<!-- This site is optimized with the Yoast SEO plugin v27.5 - https:\/\/yoast.com\/product\/yoast-seo-wordpress\/ -->\n<title>Qual \u00e8 l\u2019impatto ambientale dello streaming video? | Forum Mobil<\/title>\n<meta name=\"description\" content=\"Si sente dire e si legge sempre che lo streaming video \u00e8 un problema ambientale. Qual \u00e8 la verit\u00e0?\" \/>\n<meta name=\"robots\" content=\"index, follow, max-snippet:-1, max-image-preview:large, max-video-preview:-1\" \/>\n<link rel=\"canonical\" href=\"https:\/\/www.forummobil.ch\/it\/qual-e-limpatto-ambientale-dello-streaming-video\/\" \/>\n<meta property=\"og:locale\" content=\"it_IT\" \/>\n<meta property=\"og:type\" content=\"article\" \/>\n<meta property=\"og:title\" content=\"Qual \u00e8 l\u2019impatto ambientale dello streaming video? | Forum Mobil\" \/>\n<meta property=\"og:description\" content=\"Si sente dire e si legge sempre che lo streaming video \u00e8 un problema ambientale. Qual \u00e8 la verit\u00e0?\" \/>\n<meta property=\"og:url\" content=\"https:\/\/www.forummobil.ch\/it\/qual-e-limpatto-ambientale-dello-streaming-video\/\" \/>\n<meta property=\"og:site_name\" content=\"Forum Mobil\" \/>\n<meta property=\"article:published_time\" content=\"2022-08-09T14:13:47+00:00\" \/>\n<meta property=\"article:modified_time\" content=\"2022-08-22T14:27:17+00:00\" \/>\n<meta property=\"og:image\" content=\"https:\/\/www.forummobil.ch\/wp-content\/uploads\/2022\/06\/glenn-carstens-peters-EOQhsfFBhRk-unsplash-scaled-e1661178423262.jpg\" \/>\n\t<meta property=\"og:image:width\" content=\"2000\" \/>\n\t<meta property=\"og:image:height\" content=\"1000\" \/>\n\t<meta property=\"og:image:type\" content=\"image\/jpeg\" \/>\n<meta name=\"author\" content=\"asut\" \/>\n<meta name=\"twitter:card\" content=\"summary_large_image\" \/>\n<meta name=\"twitter:label1\" content=\"Scritto da\" \/>\n\t<meta name=\"twitter:data1\" content=\"asut\" \/>\n\t<meta name=\"twitter:label2\" content=\"Tempo di lettura stimato\" \/>\n\t<meta name=\"twitter:data2\" content=\"6 minuti\" \/>\n<script type=\"application\/ld+json\" class=\"yoast-schema-graph\">{\"@context\":\"https:\\\/\\\/schema.org\",\"@graph\":[{\"@type\":\"Article\",\"@id\":\"https:\\\/\\\/www.forummobil.ch\\\/it\\\/qual-e-limpatto-ambientale-dello-streaming-video\\\/#article\",\"isPartOf\":{\"@id\":\"https:\\\/\\\/www.forummobil.ch\\\/it\\\/qual-e-limpatto-ambientale-dello-streaming-video\\\/\"},\"author\":{\"name\":\"asut\",\"@id\":\"https:\\\/\\\/www.forummobil.ch\\\/it\\\/#\\\/schema\\\/person\\\/769d161554e679d81fae1b9a4f1f7801\"},\"headline\":\"Qual \u00e8 l\u2019impatto ambientale dello streaming video?\",\"datePublished\":\"2022-08-09T14:13:47+00:00\",\"dateModified\":\"2022-08-22T14:27:17+00:00\",\"mainEntityOfPage\":{\"@id\":\"https:\\\/\\\/www.forummobil.ch\\\/it\\\/qual-e-limpatto-ambientale-dello-streaming-video\\\/\"},\"wordCount\":1077,\"commentCount\":0,\"image\":{\"@id\":\"https:\\\/\\\/www.forummobil.ch\\\/it\\\/qual-e-limpatto-ambientale-dello-streaming-video\\\/#primaryimage\"},\"thumbnailUrl\":\"https:\\\/\\\/www.forummobil.ch\\\/wp-content\\\/uploads\\\/2022\\\/06\\\/glenn-carstens-peters-EOQhsfFBhRk-unsplash-scaled-e1661178423262.jpg\",\"articleSection\":[\"Ambiente\",\"Tecnologia\"],\"inLanguage\":\"it-IT\",\"potentialAction\":[{\"@type\":\"CommentAction\",\"name\":\"Comment\",\"target\":[\"https:\\\/\\\/www.forummobil.ch\\\/it\\\/qual-e-limpatto-ambientale-dello-streaming-video\\\/#respond\"]}]},{\"@type\":\"WebPage\",\"@id\":\"https:\\\/\\\/www.forummobil.ch\\\/it\\\/qual-e-limpatto-ambientale-dello-streaming-video\\\/\",\"url\":\"https:\\\/\\\/www.forummobil.ch\\\/it\\\/qual-e-limpatto-ambientale-dello-streaming-video\\\/\",\"name\":\"Qual \u00e8 l\u2019impatto ambientale dello streaming video? | Forum Mobil\",\"isPartOf\":{\"@id\":\"https:\\\/\\\/www.forummobil.ch\\\/it\\\/#website\"},\"primaryImageOfPage\":{\"@id\":\"https:\\\/\\\/www.forummobil.ch\\\/it\\\/qual-e-limpatto-ambientale-dello-streaming-video\\\/#primaryimage\"},\"image\":{\"@id\":\"https:\\\/\\\/www.forummobil.ch\\\/it\\\/qual-e-limpatto-ambientale-dello-streaming-video\\\/#primaryimage\"},\"thumbnailUrl\":\"https:\\\/\\\/www.forummobil.ch\\\/wp-content\\\/uploads\\\/2022\\\/06\\\/glenn-carstens-peters-EOQhsfFBhRk-unsplash-scaled-e1661178423262.jpg\",\"datePublished\":\"2022-08-09T14:13:47+00:00\",\"dateModified\":\"2022-08-22T14:27:17+00:00\",\"author\":{\"@id\":\"https:\\\/\\\/www.forummobil.ch\\\/it\\\/#\\\/schema\\\/person\\\/769d161554e679d81fae1b9a4f1f7801\"},\"description\":\"Si sente dire e si legge sempre che lo streaming video \u00e8 un problema ambientale. Qual \u00e8 la verit\u00e0?\",\"breadcrumb\":{\"@id\":\"https:\\\/\\\/www.forummobil.ch\\\/it\\\/qual-e-limpatto-ambientale-dello-streaming-video\\\/#breadcrumb\"},\"inLanguage\":\"it-IT\",\"potentialAction\":[{\"@type\":\"ReadAction\",\"target\":[\"https:\\\/\\\/www.forummobil.ch\\\/it\\\/qual-e-limpatto-ambientale-dello-streaming-video\\\/\"]}]},{\"@type\":\"ImageObject\",\"inLanguage\":\"it-IT\",\"@id\":\"https:\\\/\\\/www.forummobil.ch\\\/it\\\/qual-e-limpatto-ambientale-dello-streaming-video\\\/#primaryimage\",\"url\":\"https:\\\/\\\/www.forummobil.ch\\\/wp-content\\\/uploads\\\/2022\\\/06\\\/glenn-carstens-peters-EOQhsfFBhRk-unsplash-scaled-e1661178423262.jpg\",\"contentUrl\":\"https:\\\/\\\/www.forummobil.ch\\\/wp-content\\\/uploads\\\/2022\\\/06\\\/glenn-carstens-peters-EOQhsfFBhRk-unsplash-scaled-e1661178423262.jpg\",\"width\":2000,\"height\":1000},{\"@type\":\"BreadcrumbList\",\"@id\":\"https:\\\/\\\/www.forummobil.ch\\\/it\\\/qual-e-limpatto-ambientale-dello-streaming-video\\\/#breadcrumb\",\"itemListElement\":[{\"@type\":\"ListItem\",\"position\":1,\"name\":\"Home\",\"item\":\"https:\\\/\\\/www.forummobil.ch\\\/it\\\/\"},{\"@type\":\"ListItem\",\"position\":2,\"name\":\"Qual \u00e8 l\u2019impatto ambientale dello streaming video?\"}]},{\"@type\":\"WebSite\",\"@id\":\"https:\\\/\\\/www.forummobil.ch\\\/it\\\/#website\",\"url\":\"https:\\\/\\\/www.forummobil.ch\\\/it\\\/\",\"name\":\"Forum Mobil\",\"description\":\"Willkommen\",\"potentialAction\":[{\"@type\":\"SearchAction\",\"target\":{\"@type\":\"EntryPoint\",\"urlTemplate\":\"https:\\\/\\\/www.forummobil.ch\\\/it\\\/?s={search_term_string}\"},\"query-input\":{\"@type\":\"PropertyValueSpecification\",\"valueRequired\":true,\"valueName\":\"search_term_string\"}}],\"inLanguage\":\"it-IT\"},{\"@type\":\"Person\",\"@id\":\"https:\\\/\\\/www.forummobil.ch\\\/it\\\/#\\\/schema\\\/person\\\/769d161554e679d81fae1b9a4f1f7801\",\"name\":\"asut\",\"image\":{\"@type\":\"ImageObject\",\"inLanguage\":\"it-IT\",\"@id\":\"https:\\\/\\\/secure.gravatar.com\\\/avatar\\\/908c79bfe43b1a707f67df46a0732b63827af1e2850111a01384d9d28686c6a0?s=96&d=mm&r=g\",\"url\":\"https:\\\/\\\/secure.gravatar.com\\\/avatar\\\/908c79bfe43b1a707f67df46a0732b63827af1e2850111a01384d9d28686c6a0?s=96&d=mm&r=g\",\"contentUrl\":\"https:\\\/\\\/secure.gravatar.com\\\/avatar\\\/908c79bfe43b1a707f67df46a0732b63827af1e2850111a01384d9d28686c6a0?s=96&d=mm&r=g\",\"caption\":\"asut\"},\"url\":\"https:\\\/\\\/www.forummobil.ch\\\/it\\\/author\\\/asut\\\/\"}]}<\/script>\n<!-- \/ Yoast SEO plugin. -->","yoast_head_json":{"title":"Qual \u00e8 l\u2019impatto ambientale dello streaming video? | Forum Mobil","description":"Si sente dire e si legge sempre che lo streaming video \u00e8 un problema ambientale. Qual \u00e8 la verit\u00e0?","robots":{"index":"index","follow":"follow","max-snippet":"max-snippet:-1","max-image-preview":"max-image-preview:large","max-video-preview":"max-video-preview:-1"},"canonical":"https:\/\/www.forummobil.ch\/it\/qual-e-limpatto-ambientale-dello-streaming-video\/","og_locale":"it_IT","og_type":"article","og_title":"Qual \u00e8 l\u2019impatto ambientale dello streaming video? | Forum Mobil","og_description":"Si sente dire e si legge sempre che lo streaming video \u00e8 un problema ambientale. Qual \u00e8 la verit\u00e0?","og_url":"https:\/\/www.forummobil.ch\/it\/qual-e-limpatto-ambientale-dello-streaming-video\/","og_site_name":"Forum Mobil","article_published_time":"2022-08-09T14:13:47+00:00","article_modified_time":"2022-08-22T14:27:17+00:00","og_image":[{"width":2000,"height":1000,"url":"https:\/\/www.forummobil.ch\/wp-content\/uploads\/2022\/06\/glenn-carstens-peters-EOQhsfFBhRk-unsplash-scaled-e1661178423262.jpg","type":"image\/jpeg"}],"author":"asut","twitter_card":"summary_large_image","twitter_misc":{"Scritto da":"asut","Tempo di lettura stimato":"6 minuti"},"schema":{"@context":"https:\/\/schema.org","@graph":[{"@type":"Article","@id":"https:\/\/www.forummobil.ch\/it\/qual-e-limpatto-ambientale-dello-streaming-video\/#article","isPartOf":{"@id":"https:\/\/www.forummobil.ch\/it\/qual-e-limpatto-ambientale-dello-streaming-video\/"},"author":{"name":"asut","@id":"https:\/\/www.forummobil.ch\/it\/#\/schema\/person\/769d161554e679d81fae1b9a4f1f7801"},"headline":"Qual \u00e8 l\u2019impatto ambientale dello streaming video?","datePublished":"2022-08-09T14:13:47+00:00","dateModified":"2022-08-22T14:27:17+00:00","mainEntityOfPage":{"@id":"https:\/\/www.forummobil.ch\/it\/qual-e-limpatto-ambientale-dello-streaming-video\/"},"wordCount":1077,"commentCount":0,"image":{"@id":"https:\/\/www.forummobil.ch\/it\/qual-e-limpatto-ambientale-dello-streaming-video\/#primaryimage"},"thumbnailUrl":"https:\/\/www.forummobil.ch\/wp-content\/uploads\/2022\/06\/glenn-carstens-peters-EOQhsfFBhRk-unsplash-scaled-e1661178423262.jpg","articleSection":["Ambiente","Tecnologia"],"inLanguage":"it-IT","potentialAction":[{"@type":"CommentAction","name":"Comment","target":["https:\/\/www.forummobil.ch\/it\/qual-e-limpatto-ambientale-dello-streaming-video\/#respond"]}]},{"@type":"WebPage","@id":"https:\/\/www.forummobil.ch\/it\/qual-e-limpatto-ambientale-dello-streaming-video\/","url":"https:\/\/www.forummobil.ch\/it\/qual-e-limpatto-ambientale-dello-streaming-video\/","name":"Qual \u00e8 l\u2019impatto ambientale dello streaming video? | Forum Mobil","isPartOf":{"@id":"https:\/\/www.forummobil.ch\/it\/#website"},"primaryImageOfPage":{"@id":"https:\/\/www.forummobil.ch\/it\/qual-e-limpatto-ambientale-dello-streaming-video\/#primaryimage"},"image":{"@id":"https:\/\/www.forummobil.ch\/it\/qual-e-limpatto-ambientale-dello-streaming-video\/#primaryimage"},"thumbnailUrl":"https:\/\/www.forummobil.ch\/wp-content\/uploads\/2022\/06\/glenn-carstens-peters-EOQhsfFBhRk-unsplash-scaled-e1661178423262.jpg","datePublished":"2022-08-09T14:13:47+00:00","dateModified":"2022-08-22T14:27:17+00:00","author":{"@id":"https:\/\/www.forummobil.ch\/it\/#\/schema\/person\/769d161554e679d81fae1b9a4f1f7801"},"description":"Si sente dire e si legge sempre che lo streaming video \u00e8 un problema ambientale. Qual \u00e8 la verit\u00e0?","breadcrumb":{"@id":"https:\/\/www.forummobil.ch\/it\/qual-e-limpatto-ambientale-dello-streaming-video\/#breadcrumb"},"inLanguage":"it-IT","potentialAction":[{"@type":"ReadAction","target":["https:\/\/www.forummobil.ch\/it\/qual-e-limpatto-ambientale-dello-streaming-video\/"]}]},{"@type":"ImageObject","inLanguage":"it-IT","@id":"https:\/\/www.forummobil.ch\/it\/qual-e-limpatto-ambientale-dello-streaming-video\/#primaryimage","url":"https:\/\/www.forummobil.ch\/wp-content\/uploads\/2022\/06\/glenn-carstens-peters-EOQhsfFBhRk-unsplash-scaled-e1661178423262.jpg","contentUrl":"https:\/\/www.forummobil.ch\/wp-content\/uploads\/2022\/06\/glenn-carstens-peters-EOQhsfFBhRk-unsplash-scaled-e1661178423262.jpg","width":2000,"height":1000},{"@type":"BreadcrumbList","@id":"https:\/\/www.forummobil.ch\/it\/qual-e-limpatto-ambientale-dello-streaming-video\/#breadcrumb","itemListElement":[{"@type":"ListItem","position":1,"name":"Home","item":"https:\/\/www.forummobil.ch\/it\/"},{"@type":"ListItem","position":2,"name":"Qual \u00e8 l\u2019impatto ambientale dello streaming video?"}]},{"@type":"WebSite","@id":"https:\/\/www.forummobil.ch\/it\/#website","url":"https:\/\/www.forummobil.ch\/it\/","name":"Forum Mobil","description":"Willkommen","potentialAction":[{"@type":"SearchAction","target":{"@type":"EntryPoint","urlTemplate":"https:\/\/www.forummobil.ch\/it\/?s={search_term_string}"},"query-input":{"@type":"PropertyValueSpecification","valueRequired":true,"valueName":"search_term_string"}}],"inLanguage":"it-IT"},{"@type":"Person","@id":"https:\/\/www.forummobil.ch\/it\/#\/schema\/person\/769d161554e679d81fae1b9a4f1f7801","name":"asut","image":{"@type":"ImageObject","inLanguage":"it-IT","@id":"https:\/\/secure.gravatar.com\/avatar\/908c79bfe43b1a707f67df46a0732b63827af1e2850111a01384d9d28686c6a0?s=96&d=mm&r=g","url":"https:\/\/secure.gravatar.com\/avatar\/908c79bfe43b1a707f67df46a0732b63827af1e2850111a01384d9d28686c6a0?s=96&d=mm&r=g","contentUrl":"https:\/\/secure.gravatar.com\/avatar\/908c79bfe43b1a707f67df46a0732b63827af1e2850111a01384d9d28686c6a0?s=96&d=mm&r=g","caption":"asut"},"url":"https:\/\/www.forummobil.ch\/it\/author\/asut\/"}]}},"_links":{"self":[{"href":"https:\/\/www.forummobil.ch\/it\/wp-json\/wp\/v2\/posts\/2270","targetHints":{"allow":["GET"]}}],"collection":[{"href":"https:\/\/www.forummobil.ch\/it\/wp-json\/wp\/v2\/posts"}],"about":[{"href":"https:\/\/www.forummobil.ch\/it\/wp-json\/wp\/v2\/types\/post"}],"author":[{"embeddable":true,"href":"https:\/\/www.forummobil.ch\/it\/wp-json\/wp\/v2\/users\/5"}],"replies":[{"embeddable":true,"href":"https:\/\/www.forummobil.ch\/it\/wp-json\/wp\/v2\/comments?post=2270"}],"version-history":[{"count":3,"href":"https:\/\/www.forummobil.ch\/it\/wp-json\/wp\/v2\/posts\/2270\/revisions"}],"predecessor-version":[{"id":2426,"href":"https:\/\/www.forummobil.ch\/it\/wp-json\/wp\/v2\/posts\/2270\/revisions\/2426"}],"wp:featuredmedia":[{"embeddable":true,"href":"https:\/\/www.forummobil.ch\/it\/wp-json\/wp\/v2\/media\/2274"}],"wp:attachment":[{"href":"https:\/\/www.forummobil.ch\/it\/wp-json\/wp\/v2\/media?parent=2270"}],"wp:term":[{"taxonomy":"category","embeddable":true,"href":"https:\/\/www.forummobil.ch\/it\/wp-json\/wp\/v2\/categories?post=2270"},{"taxonomy":"post_tag","embeddable":true,"href":"https:\/\/www.forummobil.ch\/it\/wp-json\/wp\/v2\/tags?post=2270"}],"curies":[{"name":"wp","href":"https:\/\/api.w.org\/{rel}","templated":true}]}}