{"id":2520,"date":"2025-12-02T13:03:27","date_gmt":"2025-12-02T13:03:27","guid":{"rendered":"https:\/\/www.forummobil.ch\/?p=2520"},"modified":"2025-12-02T13:07:26","modified_gmt":"2025-12-02T13:07:26","slug":"les-frequences-de-telephonie-mobile-le-socle-de-notre-avenir-numerique","status":"publish","type":"post","link":"https:\/\/www.forummobil.ch\/fr\/les-frequences-de-telephonie-mobile-le-socle-de-notre-avenir-numerique\/","title":{"rendered":"Les fr\u00e9quences de t\u00e9l\u00e9phonie mobile : le socle de notre avenir num\u00e9rique"},"content":{"rendered":"<div class=\"wpb-content-wrapper\"><p>[vc_row][vc_column][vc_column_text css=\u00a0\u00bb\u00a0\u00bb]<strong>L\u2019attribution et l\u2019utilisation des fr\u00e9quences de t\u00e9l\u00e9phonie mobile sont essentielles pour le d\u00e9veloppement num\u00e9rique de la Suisse. Mais comment sont-elles r\u00e9gul\u00e9es, quelle est leur importance pour l\u2019\u00e9conomie \u2013 et \u00e0 quoi ressemblera l\u2019avenir ?<\/strong>[\/vc_column_text][vc_column_text css=\u00a0\u00bb\u00a0\u00bb]Qu\u2019il s\u2019agisse de passer un appel, de regarder une vid\u00e9o en streaming ou de conduire un v\u00e9hicule connect\u00e9, rien de tout cela ne serait possible sans le r\u00e9seau mobile. Derri\u00e8re la rapidit\u00e9 des connexions se cache une ressource invisible mais limit\u00e9e : les fr\u00e9quences de t\u00e9l\u00e9phonie mobile.<\/p>\n<p>Ces ondes \u00e9lectromagn\u00e9tiques permettent l\u2019\u00e9change d\u2019informations sans fil et sont r\u00e9parties en diff\u00e9rentes bandes de fr\u00e9quences. En Suisse, les principales plages utilis\u00e9es sont :<\/p>\n<ul>\n<li><strong>700 \u2013 1000 MHz :<\/strong> Elles p\u00e9n\u00e8trent dans les b\u00e2timents et assurent une large couverture, notamment dans les zones rurales ou tr\u00e8s dens\u00e9ment peupl\u00e9es.<\/li>\n<li><strong>1400 \u2013 2700 MHz :<\/strong> Ces fr\u00e9quences augmentent la capacit\u00e9 de transmission des donn\u00e9es et sont souvent utilis\u00e9es pour la 4G.<\/li>\n<li><strong>3,5 GHz :<\/strong> Bande cl\u00e9 pour le d\u00e9ploiement de la 5G, offrant des d\u00e9bits tr\u00e8s \u00e9lev\u00e9s, surtout en zones urbaines.<\/li>\n<\/ul>\n<p>Chaque bande de fr\u00e9quence a ses atouts : les basses fr\u00e9quences couvrent de grandes distances, tandis que les hautes fr\u00e9quences permettent plus de capacit\u00e9 et de rapidit\u00e9.<\/p>\n<p>L\u2019attribution des fr\u00e9quences mobiles se fait g\u00e9n\u00e9ralement par ench\u00e8res organis\u00e9es par l\u2019Office f\u00e9d\u00e9ral de la communication (OFCOM). Les fr\u00e9quences 5G ont \u00e9t\u00e9 attribu\u00e9es en 2019 \u00e0 Swisscom, Sunrise et Salt. Chaque concession est assortie de conditions : les op\u00e9rateurs doivent garantir une certaine couverture et ne peuvent laisser leurs fr\u00e9quences inutilis\u00e9es.<\/p>\n<p>Cette r\u00e9gulation vise \u00e0 \u00e9viter qu\u2019un acteur monopolise le march\u00e9 ou bloque des ressources. Le mobile n\u2019est pas seulement une question de concurrence, mais aussi de s\u00e9curit\u00e9 d\u2019approvisionnement.[\/vc_column_text][vc_column_text css=\u00a0\u00bb\u00a0\u00bb]<\/p>\n<h2>Des Smart Cities \u00e0 l\u2019Industrie 4.0: pourquoi le r\u00e9seau mobile est si important<\/h2>\n<p>Avec la digitalisation, l\u2019importance des r\u00e9seaux mobiles ne cesse de cro\u00eetre. La quantit\u00e9 de donn\u00e9es transmises devrait doubler dans les cinq prochaines ann\u00e9es. Les op\u00e9rateurs doivent donc investir pour r\u00e9pondre \u00e0 la demande. De nombreuses innovations reposent sur une connectivit\u00e9 fiable :<\/p>\n<ul>\n<li><strong>Industrie :<\/strong> les machines connect\u00e9es et les solutions cloud n\u00e9cessitant des \u00e9changes rapides.<\/li>\n<li><strong>Smart Cities :<\/strong> la gestion intelligente du trafic, l\u2019\u00e9clairage automatis\u00e9, les services publics connect\u00e9s.<\/li>\n<li><strong>Internet des objets (IoT) :<\/strong> les milliards d\u2019appareils interconnect\u00e9s, des montres connect\u00e9es aux drones de livraison, jusqu\u2019aux v\u00e9hicules autonomes.<\/li>\n<\/ul>\n<p>Un r\u00e9seau mobile performant n\u2019est donc pas un simple confort, mais une infrastructure strat\u00e9gique pour l\u2019\u00e9conomie et la soci\u00e9t\u00e9.[\/vc_column_text][vc_column_text css=\u00a0\u00bb\u00a0\u00bb]<\/p>\n<h2>Et apr\u00e8s la 5G?<\/h2>\n<p>Alors que la 5G continue de se d\u00e9ployer, la recherche se concentre d\u00e9j\u00e0 sur la prochaine g\u00e9n\u00e9ration : 6G. Des vitesses encore plus \u00e9lev\u00e9es et une latence quasi nulle pourraient, d\u00e8s les ann\u00e9es 2030, ouvrir la voie \u00e0 des applications in\u00e9dites.<\/p>\n<p>De nouvelles bandes de fr\u00e9quences permettront d\u2019atteindre de tr\u00e8s hauts d\u00e9bits, mais sur des distances courtes. L\u2019Union europ\u00e9enne travaille d\u00e9j\u00e0 \u00e0 \u00ab fa\u00e7onner l\u2019avenir num\u00e9rique de l\u2019Europe \u00bb. La Suisse doit se pr\u00e9parer pour rester \u00e0 la pointe technologique.[\/vc_column_text][\/vc_column][\/vc_row][vc_row][vc_column][\/vc_column][\/vc_row]<\/p>\n<\/div>","protected":false},"excerpt":{"rendered":"<p>[vc_row][vc_column][vc_column_text css=\u00a0\u00bb\u00a0\u00bb]L\u2019attribution et l\u2019utilisation des fr\u00e9quences de t\u00e9l\u00e9phonie mobile sont essentielles pour le d\u00e9veloppement num\u00e9rique de la Suisse. Mais comment sont-elles r\u00e9gul\u00e9es, quelle est leur importance pour l\u2019\u00e9conomie \u2013 et \u00e0 quoi ressemblera l\u2019avenir ?[\/vc_column_text][vc_column_text css=\u00a0\u00bb\u00a0\u00bb]Qu\u2019il s\u2019agisse de passer un appel, de regarder une vid\u00e9o en streaming ou de conduire un v\u00e9hicule connect\u00e9, rien de&hellip;<\/p>\n","protected":false},"author":8,"featured_media":2529,"comment_status":"open","ping_status":"open","sticky":false,"template":"","format":"standard","meta":{"_acf_changed":false,"inline_featured_image":false,"footnotes":""},"categories":[87],"tags":[],"class_list":["post-2520","post","type-post","status-publish","format-standard","has-post-thumbnail","hentry","category-technologie"],"acf":[],"yoast_head":"<!-- This site is optimized with the Yoast SEO plugin v27.5 - https:\/\/yoast.com\/product\/yoast-seo-wordpress\/ -->\n<title>Les fr\u00e9quences de t\u00e9l\u00e9phonie mobile : le socle de notre avenir num\u00e9rique<\/title>\n<meta name=\"description\" content=\"L\u2019attribution et l\u2019utilisation des fr\u00e9quences de t\u00e9l\u00e9phonie mobile sont essentielles pour le d\u00e9veloppement num\u00e9rique de la Suisse. Mais comment sont-elles r\u00e9gul\u00e9es, quelle est leur importance pour l\u2019\u00e9conomie \u2013 et \u00e0 quoi ressemblera l\u2019avenir ?\" \/>\n<meta name=\"robots\" content=\"index, follow, max-snippet:-1, max-image-preview:large, max-video-preview:-1\" \/>\n<link rel=\"canonical\" href=\"https:\/\/www.forummobil.ch\/fr\/les-frequences-de-telephonie-mobile-le-socle-de-notre-avenir-numerique\/\" \/>\n<meta property=\"og:locale\" content=\"fr_FR\" \/>\n<meta property=\"og:type\" content=\"article\" \/>\n<meta property=\"og:title\" content=\"Les fr\u00e9quences de t\u00e9l\u00e9phonie mobile : le socle de notre avenir num\u00e9rique\" \/>\n<meta property=\"og:description\" content=\"L\u2019attribution et l\u2019utilisation des fr\u00e9quences de t\u00e9l\u00e9phonie mobile sont essentielles pour le d\u00e9veloppement num\u00e9rique de la Suisse. Mais comment sont-elles r\u00e9gul\u00e9es, quelle est leur importance pour l\u2019\u00e9conomie \u2013 et \u00e0 quoi ressemblera l\u2019avenir ?\" \/>\n<meta property=\"og:url\" content=\"https:\/\/www.forummobil.ch\/fr\/les-frequences-de-telephonie-mobile-le-socle-de-notre-avenir-numerique\/\" \/>\n<meta property=\"og:site_name\" content=\"Forum Mobil\" \/>\n<meta property=\"article:published_time\" content=\"2025-12-02T13:03:27+00:00\" \/>\n<meta property=\"article:modified_time\" content=\"2025-12-02T13:07:26+00:00\" \/>\n<meta property=\"og:image\" content=\"https:\/\/www.forummobil.ch\/wp-content\/uploads\/2025\/12\/michael-dziedzic-nbW-kaz2BlE-unsplash-scaled-e1764680732980.jpg\" \/>\n\t<meta property=\"og:image:width\" content=\"2560\" \/>\n\t<meta property=\"og:image:height\" content=\"1600\" \/>\n\t<meta property=\"og:image:type\" content=\"image\/jpeg\" \/>\n<meta name=\"author\" content=\"Luca CRK\" \/>\n<meta name=\"twitter:card\" content=\"summary_large_image\" \/>\n<meta name=\"twitter:label1\" content=\"\u00c9crit par\" \/>\n\t<meta name=\"twitter:data1\" content=\"Luca CRK\" \/>\n\t<meta name=\"twitter:label2\" content=\"Dur\u00e9e de lecture estim\u00e9e\" \/>\n\t<meta name=\"twitter:data2\" content=\"3 minutes\" \/>\n<script type=\"application\/ld+json\" class=\"yoast-schema-graph\">{\"@context\":\"https:\\\/\\\/schema.org\",\"@graph\":[{\"@type\":\"Article\",\"@id\":\"https:\\\/\\\/www.forummobil.ch\\\/fr\\\/les-frequences-de-telephonie-mobile-le-socle-de-notre-avenir-numerique\\\/#article\",\"isPartOf\":{\"@id\":\"https:\\\/\\\/www.forummobil.ch\\\/fr\\\/les-frequences-de-telephonie-mobile-le-socle-de-notre-avenir-numerique\\\/\"},\"author\":{\"name\":\"Luca CRK\",\"@id\":\"https:\\\/\\\/www.forummobil.ch\\\/fr\\\/#\\\/schema\\\/person\\\/66a01d4de01949737508638c49e84ecf\"},\"headline\":\"Les fr\u00e9quences de t\u00e9l\u00e9phonie mobile : le socle de notre avenir num\u00e9rique\",\"datePublished\":\"2025-12-02T13:03:27+00:00\",\"dateModified\":\"2025-12-02T13:07:26+00:00\",\"mainEntityOfPage\":{\"@id\":\"https:\\\/\\\/www.forummobil.ch\\\/fr\\\/les-frequences-de-telephonie-mobile-le-socle-de-notre-avenir-numerique\\\/\"},\"wordCount\":612,\"commentCount\":0,\"image\":{\"@id\":\"https:\\\/\\\/www.forummobil.ch\\\/fr\\\/les-frequences-de-telephonie-mobile-le-socle-de-notre-avenir-numerique\\\/#primaryimage\"},\"thumbnailUrl\":\"https:\\\/\\\/www.forummobil.ch\\\/wp-content\\\/uploads\\\/2025\\\/12\\\/michael-dziedzic-nbW-kaz2BlE-unsplash-scaled-e1764680732980.jpg\",\"articleSection\":[\"Technologi\u00e9\"],\"inLanguage\":\"fr-FR\",\"potentialAction\":[{\"@type\":\"CommentAction\",\"name\":\"Comment\",\"target\":[\"https:\\\/\\\/www.forummobil.ch\\\/fr\\\/les-frequences-de-telephonie-mobile-le-socle-de-notre-avenir-numerique\\\/#respond\"]}]},{\"@type\":\"WebPage\",\"@id\":\"https:\\\/\\\/www.forummobil.ch\\\/fr\\\/les-frequences-de-telephonie-mobile-le-socle-de-notre-avenir-numerique\\\/\",\"url\":\"https:\\\/\\\/www.forummobil.ch\\\/fr\\\/les-frequences-de-telephonie-mobile-le-socle-de-notre-avenir-numerique\\\/\",\"name\":\"Les fr\u00e9quences de t\u00e9l\u00e9phonie mobile : le socle de notre avenir num\u00e9rique\",\"isPartOf\":{\"@id\":\"https:\\\/\\\/www.forummobil.ch\\\/fr\\\/#website\"},\"primaryImageOfPage\":{\"@id\":\"https:\\\/\\\/www.forummobil.ch\\\/fr\\\/les-frequences-de-telephonie-mobile-le-socle-de-notre-avenir-numerique\\\/#primaryimage\"},\"image\":{\"@id\":\"https:\\\/\\\/www.forummobil.ch\\\/fr\\\/les-frequences-de-telephonie-mobile-le-socle-de-notre-avenir-numerique\\\/#primaryimage\"},\"thumbnailUrl\":\"https:\\\/\\\/www.forummobil.ch\\\/wp-content\\\/uploads\\\/2025\\\/12\\\/michael-dziedzic-nbW-kaz2BlE-unsplash-scaled-e1764680732980.jpg\",\"datePublished\":\"2025-12-02T13:03:27+00:00\",\"dateModified\":\"2025-12-02T13:07:26+00:00\",\"author\":{\"@id\":\"https:\\\/\\\/www.forummobil.ch\\\/fr\\\/#\\\/schema\\\/person\\\/66a01d4de01949737508638c49e84ecf\"},\"description\":\"L\u2019attribution et l\u2019utilisation des fr\u00e9quences de t\u00e9l\u00e9phonie mobile sont essentielles pour le d\u00e9veloppement num\u00e9rique de la Suisse. Mais comment sont-elles r\u00e9gul\u00e9es, quelle est leur importance pour l\u2019\u00e9conomie \u2013 et \u00e0 quoi ressemblera l\u2019avenir ?\",\"breadcrumb\":{\"@id\":\"https:\\\/\\\/www.forummobil.ch\\\/fr\\\/les-frequences-de-telephonie-mobile-le-socle-de-notre-avenir-numerique\\\/#breadcrumb\"},\"inLanguage\":\"fr-FR\",\"potentialAction\":[{\"@type\":\"ReadAction\",\"target\":[\"https:\\\/\\\/www.forummobil.ch\\\/fr\\\/les-frequences-de-telephonie-mobile-le-socle-de-notre-avenir-numerique\\\/\"]}]},{\"@type\":\"ImageObject\",\"inLanguage\":\"fr-FR\",\"@id\":\"https:\\\/\\\/www.forummobil.ch\\\/fr\\\/les-frequences-de-telephonie-mobile-le-socle-de-notre-avenir-numerique\\\/#primaryimage\",\"url\":\"https:\\\/\\\/www.forummobil.ch\\\/wp-content\\\/uploads\\\/2025\\\/12\\\/michael-dziedzic-nbW-kaz2BlE-unsplash-scaled-e1764680732980.jpg\",\"contentUrl\":\"https:\\\/\\\/www.forummobil.ch\\\/wp-content\\\/uploads\\\/2025\\\/12\\\/michael-dziedzic-nbW-kaz2BlE-unsplash-scaled-e1764680732980.jpg\",\"width\":2560,\"height\":1600},{\"@type\":\"BreadcrumbList\",\"@id\":\"https:\\\/\\\/www.forummobil.ch\\\/fr\\\/les-frequences-de-telephonie-mobile-le-socle-de-notre-avenir-numerique\\\/#breadcrumb\",\"itemListElement\":[{\"@type\":\"ListItem\",\"position\":1,\"name\":\"Home\",\"item\":\"https:\\\/\\\/www.forummobil.ch\\\/fr\\\/\"},{\"@type\":\"ListItem\",\"position\":2,\"name\":\"Les fr\u00e9quences de t\u00e9l\u00e9phonie mobile : le socle de notre avenir num\u00e9rique\"}]},{\"@type\":\"WebSite\",\"@id\":\"https:\\\/\\\/www.forummobil.ch\\\/fr\\\/#website\",\"url\":\"https:\\\/\\\/www.forummobil.ch\\\/fr\\\/\",\"name\":\"Forum Mobil\",\"description\":\"Willkommen\",\"potentialAction\":[{\"@type\":\"SearchAction\",\"target\":{\"@type\":\"EntryPoint\",\"urlTemplate\":\"https:\\\/\\\/www.forummobil.ch\\\/fr\\\/?s={search_term_string}\"},\"query-input\":{\"@type\":\"PropertyValueSpecification\",\"valueRequired\":true,\"valueName\":\"search_term_string\"}}],\"inLanguage\":\"fr-FR\"},{\"@type\":\"Person\",\"@id\":\"https:\\\/\\\/www.forummobil.ch\\\/fr\\\/#\\\/schema\\\/person\\\/66a01d4de01949737508638c49e84ecf\",\"name\":\"Luca CRK\",\"image\":{\"@type\":\"ImageObject\",\"inLanguage\":\"fr-FR\",\"@id\":\"https:\\\/\\\/secure.gravatar.com\\\/avatar\\\/da9e6d82c4231dc1c94f25ec8e0c15957999dab851199661c188fc366a78246c?s=96&d=mm&r=g\",\"url\":\"https:\\\/\\\/secure.gravatar.com\\\/avatar\\\/da9e6d82c4231dc1c94f25ec8e0c15957999dab851199661c188fc366a78246c?s=96&d=mm&r=g\",\"contentUrl\":\"https:\\\/\\\/secure.gravatar.com\\\/avatar\\\/da9e6d82c4231dc1c94f25ec8e0c15957999dab851199661c188fc366a78246c?s=96&d=mm&r=g\",\"caption\":\"Luca CRK\"},\"url\":\"https:\\\/\\\/www.forummobil.ch\\\/fr\\\/author\\\/luca-crk\\\/\"}]}<\/script>\n<!-- \/ Yoast SEO plugin. -->","yoast_head_json":{"title":"Les fr\u00e9quences de t\u00e9l\u00e9phonie mobile : le socle de notre avenir num\u00e9rique","description":"L\u2019attribution et l\u2019utilisation des fr\u00e9quences de t\u00e9l\u00e9phonie mobile sont essentielles pour le d\u00e9veloppement num\u00e9rique de la Suisse. Mais comment sont-elles r\u00e9gul\u00e9es, quelle est leur importance pour l\u2019\u00e9conomie \u2013 et \u00e0 quoi ressemblera l\u2019avenir ?","robots":{"index":"index","follow":"follow","max-snippet":"max-snippet:-1","max-image-preview":"max-image-preview:large","max-video-preview":"max-video-preview:-1"},"canonical":"https:\/\/www.forummobil.ch\/fr\/les-frequences-de-telephonie-mobile-le-socle-de-notre-avenir-numerique\/","og_locale":"fr_FR","og_type":"article","og_title":"Les fr\u00e9quences de t\u00e9l\u00e9phonie mobile : le socle de notre avenir num\u00e9rique","og_description":"L\u2019attribution et l\u2019utilisation des fr\u00e9quences de t\u00e9l\u00e9phonie mobile sont essentielles pour le d\u00e9veloppement num\u00e9rique de la Suisse. Mais comment sont-elles r\u00e9gul\u00e9es, quelle est leur importance pour l\u2019\u00e9conomie \u2013 et \u00e0 quoi ressemblera l\u2019avenir ?","og_url":"https:\/\/www.forummobil.ch\/fr\/les-frequences-de-telephonie-mobile-le-socle-de-notre-avenir-numerique\/","og_site_name":"Forum Mobil","article_published_time":"2025-12-02T13:03:27+00:00","article_modified_time":"2025-12-02T13:07:26+00:00","og_image":[{"width":2560,"height":1600,"url":"https:\/\/www.forummobil.ch\/wp-content\/uploads\/2025\/12\/michael-dziedzic-nbW-kaz2BlE-unsplash-scaled-e1764680732980.jpg","type":"image\/jpeg"}],"author":"Luca CRK","twitter_card":"summary_large_image","twitter_misc":{"\u00c9crit par":"Luca CRK","Dur\u00e9e de lecture estim\u00e9e":"3 minutes"},"schema":{"@context":"https:\/\/schema.org","@graph":[{"@type":"Article","@id":"https:\/\/www.forummobil.ch\/fr\/les-frequences-de-telephonie-mobile-le-socle-de-notre-avenir-numerique\/#article","isPartOf":{"@id":"https:\/\/www.forummobil.ch\/fr\/les-frequences-de-telephonie-mobile-le-socle-de-notre-avenir-numerique\/"},"author":{"name":"Luca CRK","@id":"https:\/\/www.forummobil.ch\/fr\/#\/schema\/person\/66a01d4de01949737508638c49e84ecf"},"headline":"Les fr\u00e9quences de t\u00e9l\u00e9phonie mobile : le socle de notre avenir num\u00e9rique","datePublished":"2025-12-02T13:03:27+00:00","dateModified":"2025-12-02T13:07:26+00:00","mainEntityOfPage":{"@id":"https:\/\/www.forummobil.ch\/fr\/les-frequences-de-telephonie-mobile-le-socle-de-notre-avenir-numerique\/"},"wordCount":612,"commentCount":0,"image":{"@id":"https:\/\/www.forummobil.ch\/fr\/les-frequences-de-telephonie-mobile-le-socle-de-notre-avenir-numerique\/#primaryimage"},"thumbnailUrl":"https:\/\/www.forummobil.ch\/wp-content\/uploads\/2025\/12\/michael-dziedzic-nbW-kaz2BlE-unsplash-scaled-e1764680732980.jpg","articleSection":["Technologi\u00e9"],"inLanguage":"fr-FR","potentialAction":[{"@type":"CommentAction","name":"Comment","target":["https:\/\/www.forummobil.ch\/fr\/les-frequences-de-telephonie-mobile-le-socle-de-notre-avenir-numerique\/#respond"]}]},{"@type":"WebPage","@id":"https:\/\/www.forummobil.ch\/fr\/les-frequences-de-telephonie-mobile-le-socle-de-notre-avenir-numerique\/","url":"https:\/\/www.forummobil.ch\/fr\/les-frequences-de-telephonie-mobile-le-socle-de-notre-avenir-numerique\/","name":"Les fr\u00e9quences de t\u00e9l\u00e9phonie mobile : le socle de notre avenir num\u00e9rique","isPartOf":{"@id":"https:\/\/www.forummobil.ch\/fr\/#website"},"primaryImageOfPage":{"@id":"https:\/\/www.forummobil.ch\/fr\/les-frequences-de-telephonie-mobile-le-socle-de-notre-avenir-numerique\/#primaryimage"},"image":{"@id":"https:\/\/www.forummobil.ch\/fr\/les-frequences-de-telephonie-mobile-le-socle-de-notre-avenir-numerique\/#primaryimage"},"thumbnailUrl":"https:\/\/www.forummobil.ch\/wp-content\/uploads\/2025\/12\/michael-dziedzic-nbW-kaz2BlE-unsplash-scaled-e1764680732980.jpg","datePublished":"2025-12-02T13:03:27+00:00","dateModified":"2025-12-02T13:07:26+00:00","author":{"@id":"https:\/\/www.forummobil.ch\/fr\/#\/schema\/person\/66a01d4de01949737508638c49e84ecf"},"description":"L\u2019attribution et l\u2019utilisation des fr\u00e9quences de t\u00e9l\u00e9phonie mobile sont essentielles pour le d\u00e9veloppement num\u00e9rique de la Suisse. Mais comment sont-elles r\u00e9gul\u00e9es, quelle est leur importance pour l\u2019\u00e9conomie \u2013 et \u00e0 quoi ressemblera l\u2019avenir ?","breadcrumb":{"@id":"https:\/\/www.forummobil.ch\/fr\/les-frequences-de-telephonie-mobile-le-socle-de-notre-avenir-numerique\/#breadcrumb"},"inLanguage":"fr-FR","potentialAction":[{"@type":"ReadAction","target":["https:\/\/www.forummobil.ch\/fr\/les-frequences-de-telephonie-mobile-le-socle-de-notre-avenir-numerique\/"]}]},{"@type":"ImageObject","inLanguage":"fr-FR","@id":"https:\/\/www.forummobil.ch\/fr\/les-frequences-de-telephonie-mobile-le-socle-de-notre-avenir-numerique\/#primaryimage","url":"https:\/\/www.forummobil.ch\/wp-content\/uploads\/2025\/12\/michael-dziedzic-nbW-kaz2BlE-unsplash-scaled-e1764680732980.jpg","contentUrl":"https:\/\/www.forummobil.ch\/wp-content\/uploads\/2025\/12\/michael-dziedzic-nbW-kaz2BlE-unsplash-scaled-e1764680732980.jpg","width":2560,"height":1600},{"@type":"BreadcrumbList","@id":"https:\/\/www.forummobil.ch\/fr\/les-frequences-de-telephonie-mobile-le-socle-de-notre-avenir-numerique\/#breadcrumb","itemListElement":[{"@type":"ListItem","position":1,"name":"Home","item":"https:\/\/www.forummobil.ch\/fr\/"},{"@type":"ListItem","position":2,"name":"Les fr\u00e9quences de t\u00e9l\u00e9phonie mobile : le socle de notre avenir num\u00e9rique"}]},{"@type":"WebSite","@id":"https:\/\/www.forummobil.ch\/fr\/#website","url":"https:\/\/www.forummobil.ch\/fr\/","name":"Forum Mobil","description":"Willkommen","potentialAction":[{"@type":"SearchAction","target":{"@type":"EntryPoint","urlTemplate":"https:\/\/www.forummobil.ch\/fr\/?s={search_term_string}"},"query-input":{"@type":"PropertyValueSpecification","valueRequired":true,"valueName":"search_term_string"}}],"inLanguage":"fr-FR"},{"@type":"Person","@id":"https:\/\/www.forummobil.ch\/fr\/#\/schema\/person\/66a01d4de01949737508638c49e84ecf","name":"Luca CRK","image":{"@type":"ImageObject","inLanguage":"fr-FR","@id":"https:\/\/secure.gravatar.com\/avatar\/da9e6d82c4231dc1c94f25ec8e0c15957999dab851199661c188fc366a78246c?s=96&d=mm&r=g","url":"https:\/\/secure.gravatar.com\/avatar\/da9e6d82c4231dc1c94f25ec8e0c15957999dab851199661c188fc366a78246c?s=96&d=mm&r=g","contentUrl":"https:\/\/secure.gravatar.com\/avatar\/da9e6d82c4231dc1c94f25ec8e0c15957999dab851199661c188fc366a78246c?s=96&d=mm&r=g","caption":"Luca CRK"},"url":"https:\/\/www.forummobil.ch\/fr\/author\/luca-crk\/"}]}},"_links":{"self":[{"href":"https:\/\/www.forummobil.ch\/fr\/wp-json\/wp\/v2\/posts\/2520","targetHints":{"allow":["GET"]}}],"collection":[{"href":"https:\/\/www.forummobil.ch\/fr\/wp-json\/wp\/v2\/posts"}],"about":[{"href":"https:\/\/www.forummobil.ch\/fr\/wp-json\/wp\/v2\/types\/post"}],"author":[{"embeddable":true,"href":"https:\/\/www.forummobil.ch\/fr\/wp-json\/wp\/v2\/users\/8"}],"replies":[{"embeddable":true,"href":"https:\/\/www.forummobil.ch\/fr\/wp-json\/wp\/v2\/comments?post=2520"}],"version-history":[{"count":1,"href":"https:\/\/www.forummobil.ch\/fr\/wp-json\/wp\/v2\/posts\/2520\/revisions"}],"predecessor-version":[{"id":2526,"href":"https:\/\/www.forummobil.ch\/fr\/wp-json\/wp\/v2\/posts\/2520\/revisions\/2526"}],"wp:featuredmedia":[{"embeddable":true,"href":"https:\/\/www.forummobil.ch\/fr\/wp-json\/wp\/v2\/media\/2529"}],"wp:attachment":[{"href":"https:\/\/www.forummobil.ch\/fr\/wp-json\/wp\/v2\/media?parent=2520"}],"wp:term":[{"taxonomy":"category","embeddable":true,"href":"https:\/\/www.forummobil.ch\/fr\/wp-json\/wp\/v2\/categories?post=2520"},{"taxonomy":"post_tag","embeddable":true,"href":"https:\/\/www.forummobil.ch\/fr\/wp-json\/wp\/v2\/tags?post=2520"}],"curies":[{"name":"wp","href":"https:\/\/api.w.org\/{rel}","templated":true}]}}