{"id":2075,"date":"2022-03-21T10:09:45","date_gmt":"2022-03-21T10:09:45","guid":{"rendered":"https:\/\/www.forummobil.ch\/wie-5g-innovationen-foerdert\/"},"modified":"2022-05-02T14:24:38","modified_gmt":"2022-05-02T14:24:38","slug":"comment-la-5g-encourage-l-innovation","status":"publish","type":"post","link":"https:\/\/www.forummobil.ch\/fr\/comment-la-5g-encourage-l-innovation\/","title":{"rendered":"Comment la 5G encourage l\u2019innovation"},"content":{"rendered":"<div class=\"wpb-content-wrapper\"><p>[vc_row][vc_column][vc_column_text]<strong>Les caract\u00e9ristiques in\u00e9dites de la 5G permettent d\u2019innover dans diff\u00e9rents domaines, tels que la mobilit\u00e9, l\u2019industrie et l\u2019agriculture. Les premi\u00e8res exp\u00e9riences montrent que les processus peuvent \u00eatre con\u00e7us plus efficacement, et qu\u2019ainsi les ressources peuvent \u00eatre pr\u00e9serv\u00e9es. La 5G offre donc des opportunit\u00e9s pour notre environnement. <\/strong>[\/vc_column_text][vc_column_text]<a href=\"https:\/\/plus.empa.ch\/images\/5G%20climate%20protection_University%20of%20Zurich_Empa.pdf\" target=\"_blank\" rel=\"noopener\">L\u2019\u00e9tude \u00ab Next generation mobile networks \u00bb de l\u2019Universit\u00e9 de Zurich<\/a> a examin\u00e9 l\u2019impact du d\u00e9ploiement de la 5G sur les \u00e9missions de CO2 en Suisse. Les chercheurs sont arriv\u00e9s \u00e0 la conclusion que les \u00e9conomies nettes d\u2019ici 2030 s\u2019\u00e9l\u00e8vent \u00e0 pr\u00e8s de deux m\u00e9gatonnes d\u2019\u00e9quivalents CO2. Par rapport aux \u00e9missions de CO2 de la Suisse en 2018, cela repr\u00e9sente environ 4 % des \u00e9missions annuelles. Il faut noter ici que seuls les domaines \u00ab travail flexible \u00bb, \u00ab smart grids \u00bb, \u00ab conduite automatis\u00e9e \u00bb et \u00ab agriculture \u00bb ont \u00e9t\u00e9 examin\u00e9s. Le potentiel devrait donc \u00eatre bien plus important si l\u2019on pense \u00e0 l\u2019application de la 5G dans l\u2019industrie et dans d\u2019autres secteurs.<\/p>\n<p>La construction et l\u2019exploitation des r\u00e9seaux 5G g\u00e9n\u00e8rent \u00e9galement des \u00e9missions de CO2. Mais, selon l\u2019\u00e9tude mentionn\u00e9e ici, celles-ci sont environ 11\u00a0fois moins importantes que les \u00e9conomies r\u00e9alis\u00e9es. Il est donc clair que : sur le plan \u00e9nerg\u00e9tique, la 5G est plus efficace que toutes les technologies pr\u00e9c\u00e9dentes. Cela s\u2019explique d\u2019une part par les caract\u00e9ristiques de la nouvelle technologie elle-m\u00eame. Une antenne est par exemple en mode \u00ab veille \u00bb lorsqu\u2019il n\u2019y a aucun utilisateur actif. La 5G n\u00e9cessite \u00e9galement moins d\u2019\u00e9nergie pour la transmission d\u2019un seul paquet de donn\u00e9es. D\u2019autre part, le recours \u00e0 la 5G dans les entreprises utilisatrices permet d\u2019innover et d\u2019adapter des processus de travail d\u00e9j\u00e0 existants en consommant peu d\u2019\u00e9nergie. Cela est possible gr\u00e2ce \u00e0 de nouvelles caract\u00e9ristiques telles qu\u2019une vitesse de transmission plus \u00e9lev\u00e9e, une plus grande capacit\u00e9 de donn\u00e9es et une meilleure vitesse de r\u00e9action.[\/vc_column_text][vc_column_text]<\/p>\n<h2>La 5G pour une mobilit\u00e9 plus s\u00fbre et durable<\/h2>\n<p>En Suisse, ce sont plus de sept millions de v\u00e9hicules qui circulent chaque jour. Cela provoque des \u00e9missions de CO2, et les infrastructures de transport atteignent leurs limites de capacit\u00e9. La nouvelle norme de t\u00e9l\u00e9phonie mobile permet des mod\u00e8les tels que le t\u00e9l\u00e9travail, et encourage les offres de mobilit\u00e9 telles que la mobilit\u00e9 partag\u00e9e et l\u2019e-mobilit\u00e9, qui contribuent \u00e0 r\u00e9duire le volume du trafic et de ses \u00e9missions de CO2.[\/vc_column_text][\/vc_column][\/vc_row][vc_row full_width=\u00a0\u00bbstretch_row\u00a0\u00bb css=\u00a0\u00bb.vc_custom_1647438960174{margin-top: 30px !important;margin-bottom: 60px !important;background-color: #052944 !important;background-position: center !important;background-repeat: no-repeat !important;background-size: cover !important;}\u00a0\u00bb][vc_column][vc_column_text]<\/p>\n<blockquote><p>La construction et l\u2019exploitation des r\u00e9seaux 5G g\u00e9n\u00e8rent \u00e9galement des \u00e9missions de CO2. Mais, selon l\u2019\u00e9tude mentionn\u00e9e ici, celles-ci sont environ 11\u00a0fois moins importantes que les \u00e9conomies r\u00e9alis\u00e9es.<\/p><\/blockquote>\n<p>[\/vc_column_text][\/vc_column][\/vc_row][vc_row][vc_column][vc_column_text]<\/p>\n<h2>Comment la 5G permet une agriculture \u00ab intelligente \u00bb<\/h2>\n<p>Dans le secteur de l\u2019agriculture, le r\u00e9seau 5G permet des innovations particuli\u00e8rement importantes gr\u00e2ce \u00e0 sa nouvelle capacit\u00e9 et \u00e0 sa vitesse. Les fournisseurs d\u2019\u00e9nergie et d\u2019eau peuvent communiquer par le biais de r\u00e9seaux intelligents et \u00eatre ainsi g\u00e9r\u00e9s de mani\u00e8re diff\u00e9renci\u00e9e. Les appareils de mesure intelligents peuvent donc \u00eatre d\u00e9velopp\u00e9s et les capacit\u00e9s \u00eatre adapt\u00e9es de mani\u00e8re dynamique en fonction des besoins, des comportements d\u2019utilisation saisonniers et des besoins individuels. Les diff\u00e9rents appareils peuvent \u00e9changer leurs donn\u00e9es en temps r\u00e9el.<\/p>\n<p>Ce concept est appel\u00e9 <a href=\"https:\/\/www.agroscope.admin.ch\/agroscope\/en\/home\/topics\/economics-technology\/smart-farming.html\" target=\"_blank\" rel=\"noopener\">\u00abSmart Farming\u00bb<\/a>. L\u2019objectif ici est d\u2019optimiser des m\u00e9thodes de culture et des exploitations enti\u00e8res pour les rendre plus durables. Par exemple, des capteurs en interaction avec des drones, des petits robots et des v\u00e9hicules autonomes peuvent fournir en temps r\u00e9el des informations d\u00e9taill\u00e9es sur les parcelles, les plantes et la qualit\u00e9 des sols.<\/p>\n<p>Combin\u00e9 avec d\u2019autres donn\u00e9es telles que les pr\u00e9visions m\u00e9t\u00e9orologiques ou les engrais utilis\u00e9s, on obtient un syst\u00e8me global. Gr\u00e2ce \u00e0 toutes ces donn\u00e9es, un processus plus efficace et plus \u00e9conome en ressources peut \u00eatre lanc\u00e9. Les ressources telles que l\u2019eau, les nutriments et les engrais peuvent \u00eatre utilis\u00e9es au bon moment et dans la bonne quantit\u00e9. Cela se traduit \u00e0 son tour par une production alimentaire \u00e0 haut rendement et des animaux en bonne sant\u00e9. Pour ce faire, il faut d\u2019abord utiliser moins de ressources.[\/vc_column_text][vc_column_text]<\/p>\n<h2>Innovations 5G dans le secteur de l\u2019industrie<\/h2>\n<p>L\u2019industrie tire profit des innovations telles que la robotique, la r\u00e9alit\u00e9 augment\u00e9e et virtuelle, l\u2019impression 3D et l\u2019Internet des objets (IoT). Les processus sont ainsi optimis\u00e9s et les redondances \u00e9vit\u00e9es, le tout avec une efficacit\u00e9 \u00e9nerg\u00e9tique maximale.<\/p>\n<p>Une imprimante 3D permet par exemple une production directement sur site, dans la quantit\u00e9 exacte et au bon moment. Cela permet une \u00e9conomie en termes de transports et d\u2019emplacements de stockage. Gr\u00e2ce \u00e0 un \u00e9change de donn\u00e9es en temps r\u00e9el, les besoins peuvent \u00eatre calcul\u00e9s, pr\u00e9vus et communiqu\u00e9s imm\u00e9diatement. Les surplus et les pertes de production diminueront.<\/p>\n<p><a href=\"https:\/\/asut.ch\/asut\/media\/id\/1465\/type\/document\/Study_Tech4i2_5G_socio-economic_impact_switzerland_February_2019.pdf\" target=\"_blank\" rel=\"noopener\">Des \u00e9tudes<\/a> pr\u00e9voient que les pertes de production seront r\u00e9duites gr\u00e2ce \u00e0 la technologie 5G. C\u2019est une bonne nouvelle pour l\u2019\u00e9cologie, mais \u00e9galement pour l\u2019\u00e9conomie.[\/vc_column_text][\/vc_column][\/vc_row]<\/p>\n<\/div>","protected":false},"excerpt":{"rendered":"<p>[vc_row][vc_column][vc_column_text]Les caract\u00e9ristiques in\u00e9dites de la 5G permettent d\u2019innover dans diff\u00e9rents domaines, tels que la mobilit\u00e9, l\u2019industrie et l\u2019agriculture. Les premi\u00e8res exp\u00e9riences montrent que les processus peuvent \u00eatre con\u00e7us plus efficacement, et qu\u2019ainsi les ressources peuvent \u00eatre pr\u00e9serv\u00e9es. La 5G offre donc des opportunit\u00e9s pour notre environnement. [\/vc_column_text][vc_column_text]L\u2019\u00e9tude \u00ab Next generation mobile networks \u00bb de l\u2019Universit\u00e9&hellip;<\/p>\n","protected":false},"author":5,"featured_media":2091,"comment_status":"open","ping_status":"open","sticky":false,"template":"","format":"standard","meta":{"_acf_changed":false,"inline_featured_image":false,"footnotes":""},"categories":[89,87],"tags":[],"class_list":["post-2075","post","type-post","status-publish","format-standard","has-post-thumbnail","hentry","category-environnement","category-technologie"],"acf":[],"yoast_head":"<!-- This site is optimized with the Yoast SEO plugin v27.5 - https:\/\/yoast.com\/product\/yoast-seo-wordpress\/ -->\n<title>Comment la 5G encourage l\u2019innovation | Forum Mobil<\/title>\n<meta name=\"description\" content=\"Les caract\u00e9ristiques in\u00e9dites de la 5G permettent d\u2019innover dans diff\u00e9rents domaines, tels que la mobilit\u00e9, l\u2019industrie et l\u2019agriculture.\" \/>\n<meta name=\"robots\" content=\"index, follow, max-snippet:-1, max-image-preview:large, max-video-preview:-1\" \/>\n<link rel=\"canonical\" href=\"https:\/\/www.forummobil.ch\/fr\/comment-la-5g-encourage-l-innovation\/\" \/>\n<meta property=\"og:locale\" content=\"fr_FR\" \/>\n<meta property=\"og:type\" content=\"article\" \/>\n<meta property=\"og:title\" content=\"Comment la 5G encourage l\u2019innovation | Forum Mobil\" \/>\n<meta property=\"og:description\" content=\"Les caract\u00e9ristiques in\u00e9dites de la 5G permettent d\u2019innover dans diff\u00e9rents domaines, tels que la mobilit\u00e9, l\u2019industrie et l\u2019agriculture.\" \/>\n<meta property=\"og:url\" content=\"https:\/\/www.forummobil.ch\/fr\/comment-la-5g-encourage-l-innovation\/\" \/>\n<meta property=\"og:site_name\" content=\"Forum Mobil\" \/>\n<meta property=\"article:published_time\" content=\"2022-03-21T10:09:45+00:00\" \/>\n<meta property=\"article:modified_time\" content=\"2022-05-02T14:24:38+00:00\" \/>\n<meta property=\"og:image\" content=\"https:\/\/www.forummobil.ch\/wp-content\/uploads\/2022\/03\/5G-foerdert-Innovation-e-1.jpg\" \/>\n\t<meta property=\"og:image:width\" content=\"2400\" \/>\n\t<meta property=\"og:image:height\" content=\"1200\" \/>\n\t<meta property=\"og:image:type\" content=\"image\/jpeg\" \/>\n<meta name=\"author\" content=\"asut\" \/>\n<meta name=\"twitter:card\" content=\"summary_large_image\" \/>\n<meta name=\"twitter:label1\" content=\"\u00c9crit par\" \/>\n\t<meta name=\"twitter:data1\" content=\"asut\" \/>\n\t<meta name=\"twitter:label2\" content=\"Dur\u00e9e de lecture estim\u00e9e\" \/>\n\t<meta name=\"twitter:data2\" content=\"5 minutes\" \/>\n<script type=\"application\/ld+json\" class=\"yoast-schema-graph\">{\"@context\":\"https:\\\/\\\/schema.org\",\"@graph\":[{\"@type\":\"Article\",\"@id\":\"https:\\\/\\\/www.forummobil.ch\\\/fr\\\/comment-la-5g-encourage-l-innovation\\\/#article\",\"isPartOf\":{\"@id\":\"https:\\\/\\\/www.forummobil.ch\\\/fr\\\/comment-la-5g-encourage-l-innovation\\\/\"},\"author\":{\"name\":\"asut\",\"@id\":\"https:\\\/\\\/www.forummobil.ch\\\/fr\\\/#\\\/schema\\\/person\\\/769d161554e679d81fae1b9a4f1f7801\"},\"headline\":\"Comment la 5G encourage l\u2019innovation\",\"datePublished\":\"2022-03-21T10:09:45+00:00\",\"dateModified\":\"2022-05-02T14:24:38+00:00\",\"mainEntityOfPage\":{\"@id\":\"https:\\\/\\\/www.forummobil.ch\\\/fr\\\/comment-la-5g-encourage-l-innovation\\\/\"},\"wordCount\":971,\"commentCount\":0,\"image\":{\"@id\":\"https:\\\/\\\/www.forummobil.ch\\\/fr\\\/comment-la-5g-encourage-l-innovation\\\/#primaryimage\"},\"thumbnailUrl\":\"https:\\\/\\\/www.forummobil.ch\\\/wp-content\\\/uploads\\\/2022\\\/03\\\/5G-foerdert-Innovation-e-1.jpg\",\"articleSection\":[\"Environnement\",\"Technologi\u00e9\"],\"inLanguage\":\"fr-FR\",\"potentialAction\":[{\"@type\":\"CommentAction\",\"name\":\"Comment\",\"target\":[\"https:\\\/\\\/www.forummobil.ch\\\/fr\\\/comment-la-5g-encourage-l-innovation\\\/#respond\"]}]},{\"@type\":\"WebPage\",\"@id\":\"https:\\\/\\\/www.forummobil.ch\\\/fr\\\/comment-la-5g-encourage-l-innovation\\\/\",\"url\":\"https:\\\/\\\/www.forummobil.ch\\\/fr\\\/comment-la-5g-encourage-l-innovation\\\/\",\"name\":\"Comment la 5G encourage l\u2019innovation | Forum Mobil\",\"isPartOf\":{\"@id\":\"https:\\\/\\\/www.forummobil.ch\\\/fr\\\/#website\"},\"primaryImageOfPage\":{\"@id\":\"https:\\\/\\\/www.forummobil.ch\\\/fr\\\/comment-la-5g-encourage-l-innovation\\\/#primaryimage\"},\"image\":{\"@id\":\"https:\\\/\\\/www.forummobil.ch\\\/fr\\\/comment-la-5g-encourage-l-innovation\\\/#primaryimage\"},\"thumbnailUrl\":\"https:\\\/\\\/www.forummobil.ch\\\/wp-content\\\/uploads\\\/2022\\\/03\\\/5G-foerdert-Innovation-e-1.jpg\",\"datePublished\":\"2022-03-21T10:09:45+00:00\",\"dateModified\":\"2022-05-02T14:24:38+00:00\",\"author\":{\"@id\":\"https:\\\/\\\/www.forummobil.ch\\\/fr\\\/#\\\/schema\\\/person\\\/769d161554e679d81fae1b9a4f1f7801\"},\"description\":\"Les caract\u00e9ristiques in\u00e9dites de la 5G permettent d\u2019innover dans diff\u00e9rents domaines, tels que la mobilit\u00e9, l\u2019industrie et l\u2019agriculture.\",\"breadcrumb\":{\"@id\":\"https:\\\/\\\/www.forummobil.ch\\\/fr\\\/comment-la-5g-encourage-l-innovation\\\/#breadcrumb\"},\"inLanguage\":\"fr-FR\",\"potentialAction\":[{\"@type\":\"ReadAction\",\"target\":[\"https:\\\/\\\/www.forummobil.ch\\\/fr\\\/comment-la-5g-encourage-l-innovation\\\/\"]}]},{\"@type\":\"ImageObject\",\"inLanguage\":\"fr-FR\",\"@id\":\"https:\\\/\\\/www.forummobil.ch\\\/fr\\\/comment-la-5g-encourage-l-innovation\\\/#primaryimage\",\"url\":\"https:\\\/\\\/www.forummobil.ch\\\/wp-content\\\/uploads\\\/2022\\\/03\\\/5G-foerdert-Innovation-e-1.jpg\",\"contentUrl\":\"https:\\\/\\\/www.forummobil.ch\\\/wp-content\\\/uploads\\\/2022\\\/03\\\/5G-foerdert-Innovation-e-1.jpg\",\"width\":2400,\"height\":1200},{\"@type\":\"BreadcrumbList\",\"@id\":\"https:\\\/\\\/www.forummobil.ch\\\/fr\\\/comment-la-5g-encourage-l-innovation\\\/#breadcrumb\",\"itemListElement\":[{\"@type\":\"ListItem\",\"position\":1,\"name\":\"Home\",\"item\":\"https:\\\/\\\/www.forummobil.ch\\\/fr\\\/\"},{\"@type\":\"ListItem\",\"position\":2,\"name\":\"Comment la 5G encourage l\u2019innovation\"}]},{\"@type\":\"WebSite\",\"@id\":\"https:\\\/\\\/www.forummobil.ch\\\/fr\\\/#website\",\"url\":\"https:\\\/\\\/www.forummobil.ch\\\/fr\\\/\",\"name\":\"Forum Mobil\",\"description\":\"Willkommen\",\"potentialAction\":[{\"@type\":\"SearchAction\",\"target\":{\"@type\":\"EntryPoint\",\"urlTemplate\":\"https:\\\/\\\/www.forummobil.ch\\\/fr\\\/?s={search_term_string}\"},\"query-input\":{\"@type\":\"PropertyValueSpecification\",\"valueRequired\":true,\"valueName\":\"search_term_string\"}}],\"inLanguage\":\"fr-FR\"},{\"@type\":\"Person\",\"@id\":\"https:\\\/\\\/www.forummobil.ch\\\/fr\\\/#\\\/schema\\\/person\\\/769d161554e679d81fae1b9a4f1f7801\",\"name\":\"asut\",\"image\":{\"@type\":\"ImageObject\",\"inLanguage\":\"fr-FR\",\"@id\":\"https:\\\/\\\/secure.gravatar.com\\\/avatar\\\/908c79bfe43b1a707f67df46a0732b63827af1e2850111a01384d9d28686c6a0?s=96&d=mm&r=g\",\"url\":\"https:\\\/\\\/secure.gravatar.com\\\/avatar\\\/908c79bfe43b1a707f67df46a0732b63827af1e2850111a01384d9d28686c6a0?s=96&d=mm&r=g\",\"contentUrl\":\"https:\\\/\\\/secure.gravatar.com\\\/avatar\\\/908c79bfe43b1a707f67df46a0732b63827af1e2850111a01384d9d28686c6a0?s=96&d=mm&r=g\",\"caption\":\"asut\"},\"url\":\"https:\\\/\\\/www.forummobil.ch\\\/fr\\\/author\\\/asut\\\/\"}]}<\/script>\n<!-- \/ Yoast SEO plugin. -->","yoast_head_json":{"title":"Comment la 5G encourage l\u2019innovation | Forum Mobil","description":"Les caract\u00e9ristiques in\u00e9dites de la 5G permettent d\u2019innover dans diff\u00e9rents domaines, tels que la mobilit\u00e9, l\u2019industrie et l\u2019agriculture.","robots":{"index":"index","follow":"follow","max-snippet":"max-snippet:-1","max-image-preview":"max-image-preview:large","max-video-preview":"max-video-preview:-1"},"canonical":"https:\/\/www.forummobil.ch\/fr\/comment-la-5g-encourage-l-innovation\/","og_locale":"fr_FR","og_type":"article","og_title":"Comment la 5G encourage l\u2019innovation | Forum Mobil","og_description":"Les caract\u00e9ristiques in\u00e9dites de la 5G permettent d\u2019innover dans diff\u00e9rents domaines, tels que la mobilit\u00e9, l\u2019industrie et l\u2019agriculture.","og_url":"https:\/\/www.forummobil.ch\/fr\/comment-la-5g-encourage-l-innovation\/","og_site_name":"Forum Mobil","article_published_time":"2022-03-21T10:09:45+00:00","article_modified_time":"2022-05-02T14:24:38+00:00","og_image":[{"width":2400,"height":1200,"url":"https:\/\/www.forummobil.ch\/wp-content\/uploads\/2022\/03\/5G-foerdert-Innovation-e-1.jpg","type":"image\/jpeg"}],"author":"asut","twitter_card":"summary_large_image","twitter_misc":{"\u00c9crit par":"asut","Dur\u00e9e de lecture estim\u00e9e":"5 minutes"},"schema":{"@context":"https:\/\/schema.org","@graph":[{"@type":"Article","@id":"https:\/\/www.forummobil.ch\/fr\/comment-la-5g-encourage-l-innovation\/#article","isPartOf":{"@id":"https:\/\/www.forummobil.ch\/fr\/comment-la-5g-encourage-l-innovation\/"},"author":{"name":"asut","@id":"https:\/\/www.forummobil.ch\/fr\/#\/schema\/person\/769d161554e679d81fae1b9a4f1f7801"},"headline":"Comment la 5G encourage l\u2019innovation","datePublished":"2022-03-21T10:09:45+00:00","dateModified":"2022-05-02T14:24:38+00:00","mainEntityOfPage":{"@id":"https:\/\/www.forummobil.ch\/fr\/comment-la-5g-encourage-l-innovation\/"},"wordCount":971,"commentCount":0,"image":{"@id":"https:\/\/www.forummobil.ch\/fr\/comment-la-5g-encourage-l-innovation\/#primaryimage"},"thumbnailUrl":"https:\/\/www.forummobil.ch\/wp-content\/uploads\/2022\/03\/5G-foerdert-Innovation-e-1.jpg","articleSection":["Environnement","Technologi\u00e9"],"inLanguage":"fr-FR","potentialAction":[{"@type":"CommentAction","name":"Comment","target":["https:\/\/www.forummobil.ch\/fr\/comment-la-5g-encourage-l-innovation\/#respond"]}]},{"@type":"WebPage","@id":"https:\/\/www.forummobil.ch\/fr\/comment-la-5g-encourage-l-innovation\/","url":"https:\/\/www.forummobil.ch\/fr\/comment-la-5g-encourage-l-innovation\/","name":"Comment la 5G encourage l\u2019innovation | Forum Mobil","isPartOf":{"@id":"https:\/\/www.forummobil.ch\/fr\/#website"},"primaryImageOfPage":{"@id":"https:\/\/www.forummobil.ch\/fr\/comment-la-5g-encourage-l-innovation\/#primaryimage"},"image":{"@id":"https:\/\/www.forummobil.ch\/fr\/comment-la-5g-encourage-l-innovation\/#primaryimage"},"thumbnailUrl":"https:\/\/www.forummobil.ch\/wp-content\/uploads\/2022\/03\/5G-foerdert-Innovation-e-1.jpg","datePublished":"2022-03-21T10:09:45+00:00","dateModified":"2022-05-02T14:24:38+00:00","author":{"@id":"https:\/\/www.forummobil.ch\/fr\/#\/schema\/person\/769d161554e679d81fae1b9a4f1f7801"},"description":"Les caract\u00e9ristiques in\u00e9dites de la 5G permettent d\u2019innover dans diff\u00e9rents domaines, tels que la mobilit\u00e9, l\u2019industrie et l\u2019agriculture.","breadcrumb":{"@id":"https:\/\/www.forummobil.ch\/fr\/comment-la-5g-encourage-l-innovation\/#breadcrumb"},"inLanguage":"fr-FR","potentialAction":[{"@type":"ReadAction","target":["https:\/\/www.forummobil.ch\/fr\/comment-la-5g-encourage-l-innovation\/"]}]},{"@type":"ImageObject","inLanguage":"fr-FR","@id":"https:\/\/www.forummobil.ch\/fr\/comment-la-5g-encourage-l-innovation\/#primaryimage","url":"https:\/\/www.forummobil.ch\/wp-content\/uploads\/2022\/03\/5G-foerdert-Innovation-e-1.jpg","contentUrl":"https:\/\/www.forummobil.ch\/wp-content\/uploads\/2022\/03\/5G-foerdert-Innovation-e-1.jpg","width":2400,"height":1200},{"@type":"BreadcrumbList","@id":"https:\/\/www.forummobil.ch\/fr\/comment-la-5g-encourage-l-innovation\/#breadcrumb","itemListElement":[{"@type":"ListItem","position":1,"name":"Home","item":"https:\/\/www.forummobil.ch\/fr\/"},{"@type":"ListItem","position":2,"name":"Comment la 5G encourage l\u2019innovation"}]},{"@type":"WebSite","@id":"https:\/\/www.forummobil.ch\/fr\/#website","url":"https:\/\/www.forummobil.ch\/fr\/","name":"Forum Mobil","description":"Willkommen","potentialAction":[{"@type":"SearchAction","target":{"@type":"EntryPoint","urlTemplate":"https:\/\/www.forummobil.ch\/fr\/?s={search_term_string}"},"query-input":{"@type":"PropertyValueSpecification","valueRequired":true,"valueName":"search_term_string"}}],"inLanguage":"fr-FR"},{"@type":"Person","@id":"https:\/\/www.forummobil.ch\/fr\/#\/schema\/person\/769d161554e679d81fae1b9a4f1f7801","name":"asut","image":{"@type":"ImageObject","inLanguage":"fr-FR","@id":"https:\/\/secure.gravatar.com\/avatar\/908c79bfe43b1a707f67df46a0732b63827af1e2850111a01384d9d28686c6a0?s=96&d=mm&r=g","url":"https:\/\/secure.gravatar.com\/avatar\/908c79bfe43b1a707f67df46a0732b63827af1e2850111a01384d9d28686c6a0?s=96&d=mm&r=g","contentUrl":"https:\/\/secure.gravatar.com\/avatar\/908c79bfe43b1a707f67df46a0732b63827af1e2850111a01384d9d28686c6a0?s=96&d=mm&r=g","caption":"asut"},"url":"https:\/\/www.forummobil.ch\/fr\/author\/asut\/"}]}},"_links":{"self":[{"href":"https:\/\/www.forummobil.ch\/fr\/wp-json\/wp\/v2\/posts\/2075","targetHints":{"allow":["GET"]}}],"collection":[{"href":"https:\/\/www.forummobil.ch\/fr\/wp-json\/wp\/v2\/posts"}],"about":[{"href":"https:\/\/www.forummobil.ch\/fr\/wp-json\/wp\/v2\/types\/post"}],"author":[{"embeddable":true,"href":"https:\/\/www.forummobil.ch\/fr\/wp-json\/wp\/v2\/users\/5"}],"replies":[{"embeddable":true,"href":"https:\/\/www.forummobil.ch\/fr\/wp-json\/wp\/v2\/comments?post=2075"}],"version-history":[{"count":7,"href":"https:\/\/www.forummobil.ch\/fr\/wp-json\/wp\/v2\/posts\/2075\/revisions"}],"predecessor-version":[{"id":2215,"href":"https:\/\/www.forummobil.ch\/fr\/wp-json\/wp\/v2\/posts\/2075\/revisions\/2215"}],"wp:featuredmedia":[{"embeddable":true,"href":"https:\/\/www.forummobil.ch\/fr\/wp-json\/wp\/v2\/media\/2091"}],"wp:attachment":[{"href":"https:\/\/www.forummobil.ch\/fr\/wp-json\/wp\/v2\/media?parent=2075"}],"wp:term":[{"taxonomy":"category","embeddable":true,"href":"https:\/\/www.forummobil.ch\/fr\/wp-json\/wp\/v2\/categories?post=2075"},{"taxonomy":"post_tag","embeddable":true,"href":"https:\/\/www.forummobil.ch\/fr\/wp-json\/wp\/v2\/tags?post=2075"}],"curies":[{"name":"wp","href":"https:\/\/api.w.org\/{rel}","templated":true}]}}